{"id":15382,"date":"2026-03-10T11:43:17","date_gmt":"2026-03-10T10:43:17","guid":{"rendered":"https:\/\/www.interactiv-technologies.com\/?p=15382"},"modified":"2026-04-13T18:05:54","modified_gmt":"2026-04-13T16:05:54","slug":"webinaires-marketing-avril-2026","status":"publish","type":"post","link":"https:\/\/www.interactiv-technologies.com\/fr\/webinaires-marketing-avril-2026\/","title":{"rendered":"Webinaires Marketing Avril 2026"},"content":{"rendered":"\n<section class=\"wp-block-group alignfull has-blanc-color has-bleu-fonce-background-color has-text-color has-background has-link-color has-medium-font-size wp-elements-40d919354c8fa2473b43382bcaa6e04d has-global-padding is-layout-constrained wp-container-core-group-is-layout-54e9009c wp-block-group-is-layout-constrained\" style=\"margin-top:0;margin-bottom:0;padding-top:var(--wp--preset--spacing--60);padding-bottom:var(--wp--preset--spacing--60)\">\n<p class=\"has-text-align-center\" style=\"font-size:clamp(14px, 0.875rem + ((1vw - 3.2px) * 0.391), 19px);\"> \u26a0 Merci pour l&rsquo;int\u00e9r\u00eat port\u00e9 \u00e0 nos webinaires ! Les inscriptions sont cl\u00f4tur\u00e9es mais vous avez la possibilit\u00e9 de demander les replays des diff\u00e9rentes sessions \u00e0 l&rsquo;adresse:<br><strong>marketing@interactiv.tech<\/strong><\/p>\n<\/section>\n\n\n\n<div class=\"wp-block-group alignfull has-bleu-accent-background-color has-background has-global-padding is-layout-constrained wp-block-group-is-layout-constrained\" style=\"margin-top:0;margin-bottom:0;padding-top:var(--wp--preset--spacing--60);padding-bottom:var(--wp--preset--spacing--70)\">\n<div class=\"wp-block-group alignwide has-blanc-color has-text-color has-link-color has-small-font-size wp-elements-bf8c93ea3ef9660c3f317439d4e72dba has-global-padding is-layout-constrained wp-block-group-is-layout-constrained\"><div class=\"alignwide wp-block-wpseopress-breadcrumbs\"><nav  aria-label=\"Fil d&#039;Ariane\"><ol class=\"breadcrumb\" itemscope itemtype=\"https:\/\/schema.org\/BreadcrumbList\"><li class=\"breadcrumb-item active\" aria-current=\"page\" itemprop=\"itemListElement\" itemscope itemtype=\"https:\/\/schema.org\/ListItem\"><span itemprop=\"name\">Accueil<\/span><meta itemprop=\"position\" content=\"1\"><\/li><\/ol><\/nav><\/div><\/div>\n\n\n\n<div class=\"wp-block-group has-global-padding is-layout-constrained wp-block-group-is-layout-constrained\">\n<h1 class=\"wp-block-heading has-text-align-center has-blanc-color has-text-color has-link-color wp-elements-57b943915f262c5914586cc48ad40362\" style=\"font-size:clamp(21.536px, 1.346rem + ((1vw - 3.2px) * 1.052), 35px);line-height:1.3\">Webinaires du Marketing Avril 2026 :<br>De la gestion des donn\u00e9es produits \u00e0 la cr\u00e9ation &amp; diffusion de catalogues<\/h1>\n<\/div>\n<\/div>\n\n\n\n<div class=\"wp-block-group has-global-padding is-layout-constrained wp-block-group-is-layout-constrained\" style=\"padding-top:var(--wp--preset--spacing--50)\">\n<p class=\"has-text-align-center\" style=\"font-size:clamp(14.642px, 0.915rem + ((1vw - 3.2px) * 0.575), 22px);\"><strong>4 leviers pour transformer votre marketing produit<\/strong> !<\/p>\n\n\n\n<p class=\"has-text-align-center has-bleu-fonce-color has-text-color has-link-color has-medium-font-size wp-elements-3806d3709b56167abba67a0d3b7fc34b\"><strong>\u2705 Inscription gratuite<\/strong><\/p>\n\n\n\n<div class=\"wp-block-columns is-layout-flex wp-container-core-columns-is-layout-26eedf2c wp-block-columns-is-layout-flex\" style=\"padding-top:var(--wp--preset--spacing--30);padding-bottom:var(--wp--preset--spacing--30)\">\n<div class=\"wp-block-column is-layout-flow wp-block-column-is-layout-flow\">\n<div class=\"wp-block-group has-background has-global-padding is-layout-constrained wp-container-core-group-is-layout-e23437b9 wp-block-group-is-layout-constrained\" style=\"border-top-left-radius:30px;border-top-right-radius:30px;border-bottom-left-radius:30px;border-bottom-right-radius:30px;background-color:#f6e1e1;padding-top:var(--wp--preset--spacing--50);padding-right:var(--wp--preset--spacing--50);padding-bottom:var(--wp--preset--spacing--50);padding-left:var(--wp--preset--spacing--50)\">\n<figure class=\"wp-block-image aligncenter size-full is-resized\"><img loading=\"lazy\" decoding=\"async\" width=\"800\" height=\"800\" src=\"https:\/\/www.interactiv-technologies.com\/app\/uploads\/2026\/02\/Vignettes-carre-grand-format-7.png\" alt=\"\" class=\"wp-image-15512\" style=\"width:69px;height:auto\" srcset=\"https:\/\/www.interactiv-technologies.com\/app\/uploads\/2026\/02\/Vignettes-carre-grand-format-7.png 800w, https:\/\/www.interactiv-technologies.com\/app\/uploads\/2026\/02\/Vignettes-carre-grand-format-7-300x300.png 300w, https:\/\/www.interactiv-technologies.com\/app\/uploads\/2026\/02\/Vignettes-carre-grand-format-7-150x150.png 150w, https:\/\/www.interactiv-technologies.com\/app\/uploads\/2026\/02\/Vignettes-carre-grand-format-7-768x768.png 768w\" sizes=\"auto, (max-width: 800px) 100vw, 800px\" \/><\/figure>\n\n\n\n<h3 class=\"wp-block-heading has-text-align-center\" style=\"font-size:clamp(14.642px, 0.915rem + ((1vw - 3.2px) * 0.575), 22px);line-height:1.3\"><strong><mark style=\"background-color:#b82835\" class=\"has-inline-color has-blanc-color\">Mardi 31 mars (11h30) <\/mark><\/strong><\/h3>\n\n\n\n<p class=\"has-text-align-center\" style=\"font-size:clamp(14px, 0.875rem + ((1vw - 3.2px) * 0.43), 19.5px);\"><strong><mark style=\"background-color:rgba(0, 0, 0, 0)\" class=\"has-inline-color has-rouge-accent-color\">La base de donn\u00e9es produits PIM<\/mark><\/strong><\/p>\n\n\n\n<p class=\"has-text-align-center\">Comprendre comment <strong>centraliser vos donn\u00e9es produits <\/strong>et en finir avec les fiches produits erron\u00e9es.<\/p>\n\n\n\n<div class=\"wp-block-buttons is-content-justification-center is-layout-flex wp-container-core-buttons-is-layout-2a2903dc wp-block-buttons-is-layout-flex\" style=\"padding-top:var(--wp--preset--spacing--30)\">\n<div class=\"wp-block-button is-style-fill\"><a class=\"wp-block-button__link has-blanc-color has-rouge-accent-background-color has-text-color has-background has-link-color has-border-color has-rouge-accent-border-color has-text-align-center wp-element-button\" href=\"https:\/\/us06web.zoom.us\/webinar\/register\/6017724696322\/WN_-jSxV78rTKm3K6KJp9OAww\" target=\"_blank\" rel=\"noreferrer noopener\">Je m&rsquo;inscris !<\/a><\/div>\n\n\n\n<div class=\"wp-block-button is-style-outline is-style-outline--1\"><a class=\"wp-block-button__link has-rouge-accent-color has-blanc-background-color has-text-color has-background has-link-color has-border-color has-rouge-accent-border-color has-text-align-center wp-element-button\" href=\"#PIM\">Voir le programme<\/a><\/div>\n<\/div>\n<\/div>\n<\/div>\n\n\n\n<div class=\"wp-block-column is-layout-flow wp-block-column-is-layout-flow\">\n<div class=\"wp-block-group has-background has-global-padding is-layout-constrained wp-container-core-group-is-layout-ba39f3c3 wp-block-group-is-layout-constrained\" style=\"border-top-left-radius:30px;border-top-right-radius:30px;border-bottom-left-radius:30px;border-bottom-right-radius:30px;background-color:#fadced;padding-top:var(--wp--preset--spacing--50);padding-right:var(--wp--preset--spacing--50);padding-bottom:var(--wp--preset--spacing--50);padding-left:var(--wp--preset--spacing--50)\">\n<figure class=\"wp-block-image aligncenter size-full is-resized\"><img loading=\"lazy\" decoding=\"async\" width=\"800\" height=\"800\" src=\"https:\/\/www.interactiv-technologies.com\/app\/uploads\/2026\/02\/Vignettes-carre-grand-format-8.png\" alt=\"\" class=\"wp-image-15514\" style=\"width:64px;height:auto\" srcset=\"https:\/\/www.interactiv-technologies.com\/app\/uploads\/2026\/02\/Vignettes-carre-grand-format-8.png 800w, https:\/\/www.interactiv-technologies.com\/app\/uploads\/2026\/02\/Vignettes-carre-grand-format-8-300x300.png 300w, https:\/\/www.interactiv-technologies.com\/app\/uploads\/2026\/02\/Vignettes-carre-grand-format-8-150x150.png 150w, https:\/\/www.interactiv-technologies.com\/app\/uploads\/2026\/02\/Vignettes-carre-grand-format-8-768x768.png 768w\" sizes=\"auto, (max-width: 800px) 100vw, 800px\" \/><\/figure>\n\n\n\n<h3 class=\"wp-block-heading has-text-align-center has-bleu-fonce-color has-text-color has-link-color wp-elements-d8545f6491ea8bcf61ab9c277a047781\" style=\"font-size:clamp(14.642px, 0.915rem + ((1vw - 3.2px) * 0.575), 22px);line-height:1.3\"><strong><mark style=\"background-color:#8d1e57\" class=\"has-inline-color has-blanc-color\">Jeudi 2 avril (11h30)<\/mark><\/strong><\/h3>\n\n\n\n<p class=\"has-text-align-center has-medium-font-size\"><strong><mark style=\"background-color:rgba(0, 0, 0, 0)\" class=\"has-inline-color has-violet-accent-color\">La mise en page auto sur InDesign<\/mark><\/strong><\/p>\n\n\n\n<p class=\"has-text-align-center\">Apprendre \u00e0 <strong>automatiser la mise en page de vos catalogues<\/strong> et diviser leur temps de cr\u00e9ation par 2.<\/p>\n\n\n\n<div class=\"wp-block-columns is-layout-flex wp-container-core-columns-is-layout-28f84493 wp-block-columns-is-layout-flex\">\n<div class=\"wp-block-column is-layout-flow wp-block-column-is-layout-flow\" style=\"flex-basis:100%\">\n<div class=\"wp-block-buttons is-content-justification-center is-layout-flex wp-container-core-buttons-is-layout-2a2903dc wp-block-buttons-is-layout-flex\" style=\"padding-top:var(--wp--preset--spacing--30)\">\n<div class=\"wp-block-button\"><a class=\"wp-block-button__link has-blanc-color has-violet-accent-background-color has-text-color has-background has-link-color has-border-color has-violet-accent-border-color has-text-align-center wp-element-button\" href=\"https:\/\/us06web.zoom.us\/webinar\/register\/6717726141233\/WN_pZR-lk6AT1aY6dh6n4geSg\" target=\"_blank\" rel=\"noreferrer noopener\">Je m&rsquo;inscris !<\/a><\/div>\n\n\n\n<div class=\"wp-block-button\"><a class=\"wp-block-button__link has-violet-accent-color has-blanc-background-color has-text-color has-background has-link-color has-border-color has-violet-accent-border-color has-text-align-center wp-element-button\" href=\"#EasyCatalog\">Voir le programme<\/a><\/div>\n<\/div>\n<\/div>\n<\/div>\n<\/div>\n<\/div>\n\n\n\n<div class=\"wp-block-column is-layout-flow wp-block-column-is-layout-flow\">\n<div class=\"wp-block-group has-background has-global-padding is-layout-constrained wp-container-core-group-is-layout-ba39f3c3 wp-block-group-is-layout-constrained\" style=\"border-top-left-radius:30px;border-top-right-radius:30px;border-bottom-left-radius:30px;border-bottom-right-radius:30px;background-color:#d9f4dd;padding-top:var(--wp--preset--spacing--50);padding-right:var(--wp--preset--spacing--50);padding-bottom:var(--wp--preset--spacing--50);padding-left:var(--wp--preset--spacing--50)\">\n<figure class=\"wp-block-image aligncenter size-full is-resized\" style=\"margin-bottom:0\"><img loading=\"lazy\" decoding=\"async\" width=\"800\" height=\"625\" src=\"https:\/\/www.interactiv-technologies.com\/app\/uploads\/2026\/02\/Vignettes-carre-grand-format-10.png\" alt=\"\" class=\"wp-image-15516\" style=\"width:86px;height:auto\" srcset=\"https:\/\/www.interactiv-technologies.com\/app\/uploads\/2026\/02\/Vignettes-carre-grand-format-10.png 800w, https:\/\/www.interactiv-technologies.com\/app\/uploads\/2026\/02\/Vignettes-carre-grand-format-10-300x234.png 300w, https:\/\/www.interactiv-technologies.com\/app\/uploads\/2026\/02\/Vignettes-carre-grand-format-10-768x600.png 768w\" sizes=\"auto, (max-width: 800px) 100vw, 800px\" \/><\/figure>\n\n\n\n<h3 class=\"wp-block-heading has-text-align-center\" style=\"font-size:clamp(14.642px, 0.915rem + ((1vw - 3.2px) * 0.575), 22px);line-height:1.3\"><strong><mark style=\"background-color:#2ca341\" class=\"has-inline-color has-blanc-color\">Mardi 7 avril (11h30)<\/mark><\/strong><\/h3>\n\n\n\n<p class=\"has-text-align-center has-medium-font-size\"><strong><mark style=\"background-color:rgba(0, 0, 0, 0)\" class=\"has-inline-color has-vert-accent-color\">Les catalogues <\/mark><\/strong><strong><mark style=\"background-color:rgba(0, 0, 0, 0)\" class=\"has-inline-color has-vert-accent-color\">interactifs<\/mark><\/strong><\/p>\n\n\n\n<p class=\"has-text-align-center\">Cr\u00e9er des <strong>catalogues interactifs performants<\/strong> et rendre vos PDF statiques plus dynamiques et engageants.<\/p>\n\n\n\n<div class=\"wp-block-buttons is-content-justification-center is-layout-flex wp-container-core-buttons-is-layout-2a2903dc wp-block-buttons-is-layout-flex\" style=\"padding-top:var(--wp--preset--spacing--30)\">\n<div class=\"wp-block-button\"><a class=\"wp-block-button__link has-blanc-color has-vert-accent-background-color has-text-color has-background has-link-color has-border-color has-vert-accent-border-color has-text-align-center wp-element-button\" href=\"https:\/\/us06web.zoom.us\/webinar\/register\/8917726159641\/WN_sGvZYC9mQ72fHV_MNwpJRA\" target=\"_blank\" rel=\"noreferrer noopener\">Je m&rsquo;inscris !<\/a><\/div>\n\n\n\n<div class=\"wp-block-button\"><a class=\"wp-block-button__link has-vert-accent-color has-blanc-background-color has-text-color has-background has-link-color has-border-color has-vert-accent-border-color has-text-align-center wp-element-button\" href=\"#Catalogues-interactifs\">Voir le programme<\/a><\/div>\n<\/div>\n<\/div>\n<\/div>\n\n\n\n<div class=\"wp-block-column is-layout-flow wp-block-column-is-layout-flow\">\n<div class=\"wp-block-group has-background has-global-padding is-layout-constrained wp-container-core-group-is-layout-60e15723 wp-block-group-is-layout-constrained\" style=\"border-top-left-radius:30px;border-top-right-radius:30px;border-bottom-left-radius:30px;border-bottom-right-radius:30px;background-color:#eef2ff;padding-top:var(--wp--preset--spacing--50);padding-right:var(--wp--preset--spacing--50);padding-bottom:var(--wp--preset--spacing--50);padding-left:var(--wp--preset--spacing--50)\">\n<figure class=\"wp-block-image aligncenter size-full is-resized\"><img loading=\"lazy\" decoding=\"async\" width=\"800\" height=\"649\" src=\"https:\/\/www.interactiv-technologies.com\/app\/uploads\/2026\/02\/Vignettes-carre-grand-format-9.png\" alt=\"\" class=\"wp-image-15518\" style=\"aspect-ratio:1.2327044025157232;width:78px;height:auto\" srcset=\"https:\/\/www.interactiv-technologies.com\/app\/uploads\/2026\/02\/Vignettes-carre-grand-format-9.png 800w, https:\/\/www.interactiv-technologies.com\/app\/uploads\/2026\/02\/Vignettes-carre-grand-format-9-300x243.png 300w, https:\/\/www.interactiv-technologies.com\/app\/uploads\/2026\/02\/Vignettes-carre-grand-format-9-768x623.png 768w\" sizes=\"auto, (max-width: 800px) 100vw, 800px\" \/><\/figure>\n\n\n\n<h3 class=\"wp-block-heading has-text-align-center\" style=\"font-size:clamp(14.642px, 0.915rem + ((1vw - 3.2px) * 0.575), 22px);line-height:1.3\"><strong><mark style=\"background-color:#30529c\" class=\"has-inline-color has-blanc-color\">Jeudi 9 avril (11h30)<\/mark><\/strong><\/h3>\n\n\n\n<p class=\"has-text-align-center has-medium-font-size\"><strong><mark style=\"background-color:rgba(0, 0, 0, 0)\" class=\"has-inline-color has-bleu-accent-color\">Le service de prestation de catalogues<\/mark><\/strong><\/p>\n\n\n\n<p class=\"has-text-align-center\">D\u00e9couvrir notre <strong>service de prestation de catalogues<\/strong> et externaliser la production de vos supports marketing.<\/p>\n\n\n\n<div class=\"wp-block-buttons is-content-justification-center is-layout-flex wp-container-core-buttons-is-layout-2a2903dc wp-block-buttons-is-layout-flex\" style=\"padding-top:var(--wp--preset--spacing--30)\">\n<div class=\"wp-block-button\"><a class=\"wp-block-button__link has-text-align-center wp-element-button\" href=\"https:\/\/us06web.zoom.us\/webinar\/register\/2017726179564\/WN_TVSzzURZRPCl_tLuIAancw\" style=\"border-style:none;border-width:0px\" target=\"_blank\" rel=\"noreferrer noopener\">Je m&rsquo;inscris !<\/a><\/div>\n\n\n\n<div class=\"wp-block-button\"><a class=\"wp-block-button__link has-bleu-accent-color has-blanc-background-color has-text-color has-background has-link-color has-border-color has-bleu-accent-border-color has-text-align-center wp-element-button\" href=\"#Presta\">Voir le programme<\/a><\/div>\n<\/div>\n<\/div>\n<\/div>\n<\/div>\n\n\n\n<p class=\"has-text-align-center has-bleu-fonce-color has-text-color has-link-color wp-elements-06a81ba46b5ed65dd15de942b0071894\" style=\"padding-top:var(--wp--preset--spacing--40);padding-bottom:var(--wp--preset--spacing--40);font-size:clamp(14.642px, 0.915rem + ((1vw - 3.2px) * 0.575), 22px);line-height:1.9\">\u23ef Pas disponibles sur ces dates ? <br><strong>Inscrivez-vous pour recevoir le replay !<\/strong><\/p>\n<\/div>\n\n\n\n<div class=\"wp-block-group alignfull has-background has-global-padding is-layout-constrained wp-block-group-is-layout-constrained\" style=\"background-color:#f6e1e1;padding-top:var(--wp--preset--spacing--30);padding-bottom:var(--wp--preset--spacing--30)\">\n<div class=\"wp-block-columns is-layout-flex wp-container-core-columns-is-layout-51c0b34d wp-block-columns-is-layout-flex\" id=\"PIM\" style=\"padding-top:var(--wp--preset--spacing--50);padding-bottom:var(--wp--preset--spacing--50)\">\n<div class=\"wp-block-column is-layout-flow wp-block-column-is-layout-flow\" style=\"padding-top:var(--wp--preset--spacing--60);padding-bottom:var(--wp--preset--spacing--60);flex-basis:100%\">\n<div class=\"wp-block-group is-nowrap is-layout-flex wp-container-core-group-is-layout-6c531013 wp-block-group-is-layout-flex\">\n<h2 class=\"wp-block-heading has-blanc-color has-text-color has-link-color wp-elements-47249b628b95501b69b7a1d16379ce8b\"><mark style=\"background-color:#b82835\" class=\"has-inline-color has-blanc-color\">Base de donn\u00e9es produits PIM : pour qui, pourquoi, comment ?&nbsp;<\/mark><\/h2>\n<\/div>\n\n\n\n<h3 class=\"wp-block-heading\" style=\"font-size:clamp(21.536px, 1.346rem + ((1vw - 3.2px) * 1.052), 35px);\"><mark style=\"background-color:rgba(0, 0, 0, 0)\" class=\"has-inline-color has-gris-moyen-color\">Mardi 31 mars &#8211; 11h30<\/mark><\/h3>\n\n\n\n<div class=\"wp-block-columns is-layout-flex wp-container-core-columns-is-layout-28f84493 wp-block-columns-is-layout-flex\">\n<div class=\"wp-block-column is-layout-flow wp-block-column-is-layout-flow\" style=\"flex-basis:70%\">\n<div class=\"wp-block-group has-global-padding is-layout-constrained wp-block-group-is-layout-constrained\">\n<p>G\u00e9rer plusieurs r\u00e9f\u00e9rences dont les informations sont h\u00e9berg\u00e9es sur des sources multiples (Excel, ERP, Google Drive&#8230;) et qu&rsquo;il faut ensuite diffuser sur une grande vari\u00e9t\u00e9 de canaux de vente (marketplaces, sites e-commerce, supports de vente&#8230;) peut se r\u00e9v\u00e9ler source d&rsquo;erreurs et de confusions en interne. <strong>Mieux g\u00e9rer ses donn\u00e9es produits est un processus souvent compliqu\u00e9 et on ne sait pas toujours par o\u00f9 commencer.<\/strong><br><br>Dans ce webinaire, nous vous pr\u00e9senterons le <strong>PIM<\/strong> (Product Information Management), un logiciel permettant de centraliser, structurer et diffuser plus facilement les donn\u00e9es produits. <br><br>L&rsquo;objectif est de vous aider \u00e0 :<\/p>\n\n\n\n<ul class=\"wp-block-list\">\n<li>Comprendre <strong>ce qu&rsquo;est un PIM<\/strong>,<\/li>\n\n\n\n<li>V\u00e9rifier si une telle solution est <strong>compatible avec votre secteur ou m\u00e9tier<\/strong>,<\/li>\n\n\n\n<li>Explorer ses <strong>avantages et inconv\u00e9nients<\/strong>.<\/li>\n<\/ul>\n<\/div>\n<\/div>\n\n\n\n<div class=\"wp-block-column is-vertically-aligned-center is-layout-flow wp-block-column-is-layout-flow\" style=\"flex-basis:30%\">\n<figure class=\"wp-block-image aligncenter size-large is-resized\"><img loading=\"lazy\" decoding=\"async\" width=\"1024\" height=\"1024\" src=\"https:\/\/www.interactiv-technologies.com\/app\/uploads\/2025\/03\/Visuels-article-TOP-3-des-criteres-pour-choisir-un-PIM_Plan-de-travail-1-2-1024x1024.png\" alt=\"La facilit\u00e9 d\u2019utilisation et l\u2019adoption par vos \u00e9quipes du PIM\/DAM Interactiv' DataBase, logiciel d\u00e9velopp\u00e9 par Interactiv' Technologies\" class=\"wp-image-10149\" style=\"width:318px;height:auto\" srcset=\"https:\/\/www.interactiv-technologies.com\/app\/uploads\/2025\/03\/Visuels-article-TOP-3-des-criteres-pour-choisir-un-PIM_Plan-de-travail-1-2-1024x1024.png 1024w, https:\/\/www.interactiv-technologies.com\/app\/uploads\/2025\/03\/Visuels-article-TOP-3-des-criteres-pour-choisir-un-PIM_Plan-de-travail-1-2-300x300.png 300w, https:\/\/www.interactiv-technologies.com\/app\/uploads\/2025\/03\/Visuels-article-TOP-3-des-criteres-pour-choisir-un-PIM_Plan-de-travail-1-2-150x150.png 150w, https:\/\/www.interactiv-technologies.com\/app\/uploads\/2025\/03\/Visuels-article-TOP-3-des-criteres-pour-choisir-un-PIM_Plan-de-travail-1-2-768x768.png 768w, https:\/\/www.interactiv-technologies.com\/app\/uploads\/2025\/03\/Visuels-article-TOP-3-des-criteres-pour-choisir-un-PIM_Plan-de-travail-1-2.png 1250w\" sizes=\"auto, (max-width: 1024px) 100vw, 1024px\" \/><\/figure>\n<\/div>\n<\/div>\n\n\n\n<div class=\"wp-block-columns is-layout-flex wp-container-core-columns-is-layout-eae17e81 wp-block-columns-is-layout-flex\" style=\"margin-top:var(--wp--preset--spacing--70);margin-bottom:var(--wp--preset--spacing--70)\">\n<div class=\"wp-block-column is-layout-flow wp-block-column-is-layout-flow\" style=\"flex-basis:15%\"><\/div>\n\n\n\n<div class=\"wp-block-column has-blanc-background-color has-background is-layout-flow wp-block-column-is-layout-flow\" style=\"border-top-left-radius:30px;border-top-right-radius:30px;border-bottom-left-radius:30px;border-bottom-right-radius:30px;padding-top:var(--wp--preset--spacing--50);padding-right:var(--wp--preset--spacing--50);padding-bottom:var(--wp--preset--spacing--50);padding-left:var(--wp--preset--spacing--50);flex-basis:70%\">\n<div class=\"wp-block-group has-global-padding is-layout-constrained wp-block-group-is-layout-constrained\">\n<h3 class=\"wp-block-heading has-rouge-accent-color has-text-color has-link-color wp-elements-15431ec2e974d37f3c64455849e787c5\" style=\"font-size:clamp(16.293px, 1.018rem + ((1vw - 3.2px) * 0.68), 25px);\">Le programme<\/h3>\n\n\n\n<ul class=\"wp-block-list\">\n<li class=\"has-gris-color has-text-color has-link-color wp-elements-d5f5235a69d9738c48c04c154a6304af\">La d\u00e9finition d&rsquo;un PIM<\/li>\n\n\n\n<li class=\"has-gris-color has-text-color has-link-color wp-elements-7f95f8e7e98b07c2b14fe2eb16f5e9df\">Une d\u00e9monstration produit exclusive pour mieux appr\u00e9hender l&rsquo;int\u00e9gration d&rsquo;un PIM<\/li>\n\n\n\n<li class=\"has-gris-color has-text-color has-link-color wp-elements-53ac44b67ff61246ab3bfa72fab2684f\">Une session de Questions &amp; R\u00e9ponses<\/li>\n<\/ul>\n<\/div>\n<\/div>\n\n\n\n<div class=\"wp-block-column is-layout-flow wp-block-column-is-layout-flow\" style=\"flex-basis:15%\"><\/div>\n<\/div>\n\n\n\n<div class=\"wp-block-columns is-layout-flex wp-container-core-columns-is-layout-7abde1fe wp-block-columns-is-layout-flex\" style=\"padding-top:var(--wp--preset--spacing--40);padding-bottom:var(--wp--preset--spacing--40)\">\n<div class=\"wp-block-column is-vertically-aligned-top is-layout-flow wp-block-column-is-layout-flow\" style=\"flex-basis:50%\">\n<h3 class=\"wp-block-heading has-text-align-center\" style=\"font-size:clamp(16.293px, 1.018rem + ((1vw - 3.2px) * 0.68), 25px);\"><mark style=\"background-color:rgba(0, 0, 0, 0)\" class=\"has-inline-color has-rouge-accent-color\">Pour qui ?<\/mark><\/h3>\n\n\n\n<ul class=\"wp-block-list\">\n<li><strong>Responsables E-commerce \/ Produit :<\/strong> vos donn\u00e9es sont \u00e9parpill\u00e9es entre Excel, l&rsquo;ERP et des fichiers Drive.<\/li>\n\n\n\n<li><strong>Chefs de produit \/ marketing\/ e-commerce<\/strong> : vous perdez du temps \u00e0 modifier des descriptions, les mettre \u00e0 jour et les diffuser manuellement sur vos canaux de vente, sans parler du risque d&rsquo;erreur.<\/li>\n\n\n\n<li><strong>Commerciaux et assistants achats \/ supply chain<\/strong> : vous avez besoin d&rsquo;informations correctes, claires et regroup\u00e9es au m\u00eame endroit.<\/li>\n\n\n\n<li><strong>Chefs de projet SI et responsables IT<\/strong> : vous avez besoin d&rsquo;un logiciel s\u00e9curis\u00e9 compatible avec les contraintes internes et les logiciels d\u00e9j\u00e0 pr\u00e9sents en interne (notamment l&rsquo;ERP).<\/li>\n\n\n\n<li><strong>Directions marketing \/ digitales \/ commerciales<\/strong> : vous souhaitez disposer d&rsquo;un visuel plus global du catalogue produits et r\u00e9duire votre time-to-market et son co\u00fbt associ\u00e9.<\/li>\n<\/ul>\n<\/div>\n\n\n\n<div class=\"wp-block-column is-layout-flow wp-block-column-is-layout-flow\" style=\"flex-basis:50%\">\n<h3 class=\"wp-block-heading has-text-align-center\" style=\"font-size:clamp(16.293px, 1.018rem + ((1vw - 3.2px) * 0.68), 25px);\"><mark style=\"background-color:rgba(0, 0, 0, 0)\" class=\"has-inline-color has-rouge-accent-color\">Notre pr\u00e9sentateur<\/mark><\/h3>\n\n\n\n<div class=\"wp-block-group has-global-padding is-layout-constrained wp-block-group-is-layout-constrained\" style=\"padding-top:var(--wp--preset--spacing--60);padding-bottom:var(--wp--preset--spacing--60)\">\n<div class=\"wp-block-group has-global-padding is-layout-constrained wp-block-group-is-layout-constrained\">\n<figure class=\"wp-block-image aligncenter size-full is-resized\"><img loading=\"lazy\" decoding=\"async\" width=\"200\" height=\"200\" src=\"https:\/\/www.interactiv-technologies.com\/app\/uploads\/2026\/02\/Intervenant-DataBase_Quentin.png\" alt=\"\" class=\"wp-image-15395\" style=\"width:166px;height:auto\" srcset=\"https:\/\/www.interactiv-technologies.com\/app\/uploads\/2026\/02\/Intervenant-DataBase_Quentin.png 200w, https:\/\/www.interactiv-technologies.com\/app\/uploads\/2026\/02\/Intervenant-DataBase_Quentin-150x150.png 150w\" sizes=\"auto, (max-width: 200px) 100vw, 200px\" \/><\/figure>\n<\/div>\n\n\n\n<p class=\"has-text-align-center\"><strong><mark style=\"background-color:rgba(0, 0, 0, 0)\" class=\"has-inline-color has-rouge-accent-color\">Quentin ROCHON<\/mark><\/strong><\/p>\n\n\n\n<p class=\"has-text-align-center\"><em>Commercial<\/em><\/p>\n<\/div>\n<\/div>\n<\/div>\n\n\n\n<p class=\"has-text-align-center\" style=\"font-size:clamp(14.642px, 0.915rem + ((1vw - 3.2px) * 0.575), 22px);\"><strong><mark style=\"background-color:rgba(0, 0, 0, 0)\" class=\"has-inline-color has-rouge-accent-color\">Nous vous donnons rendez-vous le mardi 31 mars \u00e0 11h30 !<\/mark><\/strong><\/p>\n\n\n\n<div class=\"wp-block-buttons is-content-justification-center is-layout-flex wp-container-core-buttons-is-layout-2a2903dc wp-block-buttons-is-layout-flex\" style=\"padding-top:var(--wp--preset--spacing--30)\">\n<div class=\"wp-block-button is-style-fill\"><a class=\"wp-block-button__link has-blanc-color has-rouge-accent-background-color has-text-color has-background has-link-color has-border-color has-rouge-accent-border-color has-text-align-center wp-element-button\" href=\"https:\/\/us06web.zoom.us\/webinar\/register\/6017724696322\/WN_-jSxV78rTKm3K6KJp9OAww\" target=\"_blank\" rel=\"noreferrer noopener\">Je m&rsquo;inscris !<\/a><\/div>\n<\/div>\n<\/div>\n<\/div>\n<\/div>\n\n\n\n<div id=\"EasyCatalog\" class=\"wp-block-group has-global-padding is-layout-constrained wp-container-core-group-is-layout-fc7008f7 wp-block-group-is-layout-constrained\" style=\"padding-top:var(--wp--preset--spacing--70);padding-right:var(--wp--preset--spacing--70);padding-bottom:var(--wp--preset--spacing--50);padding-left:var(--wp--preset--spacing--20)\">\n<h2 class=\"wp-block-heading has-blanc-color has-text-color has-link-color wp-elements-c64a834b20f339baa1c12cb5d149cc60\" style=\"line-height:1.3\"><mark style=\"background-color:#8d1e57\" class=\"has-inline-color has-blanc-color\">Mise en page automatique sur InDesign : comment automatiser dans InDesign ?&nbsp;<\/mark><\/h2>\n\n\n\n<h3 class=\"wp-block-heading\" style=\"font-size:clamp(21.536px, 1.346rem + ((1vw - 3.2px) * 1.052), 35px);\"><mark style=\"background-color:rgba(0, 0, 0, 0)\" class=\"has-inline-color has-gris-moyen-color\">Jeudi 2 avril &#8211; 11h30<\/mark><\/h3>\n\n\n\n<div class=\"wp-block-columns is-layout-flex wp-container-core-columns-is-layout-28f84493 wp-block-columns-is-layout-flex\">\n<div class=\"wp-block-column is-layout-flow wp-block-column-is-layout-flow\" style=\"flex-basis:70%\">\n<div class=\"wp-block-group has-global-padding is-layout-constrained wp-block-group-is-layout-constrained\">\n<p><strong>Cr\u00e9er un catalogue de bout en bout peut s&rsquo;av\u00e9rer tr\u00e8s chronophage pour vos \u00e9quipes.<br><\/strong>Entre la d\u00e9finition d&rsquo;un chemin de fer coh\u00e9rent, le contact avec l&rsquo;imprimeur, l&rsquo;implication des \u00e9quipes produit pour le choix des r\u00e9f\u00e9rences, la mise en page graphique\u2026 toutes ces \u00e9tapes prennent du temps, impliquent de nombreux services et demandent plusieurs ressources. Sans parler des d\u00e9lais restreints et des erreurs potentielles vues seulement apr\u00e8s l&rsquo;impression.<\/p>\n\n\n\n<p>Mais, avec EasyCatalog, vous pouvez :<\/p>\n\n\n\n<ul class=\"wp-block-list\">\n<li>G\u00e9n\u00e9rer des <strong>centaines de pages en quelques clics<\/strong>, <\/li>\n\n\n\n<li>Lier vos donn\u00e9es structur\u00e9es (PIM, ERP, site web, Excel\u2026) \u00e0 une <strong>mise en page dans InDesign<\/strong>&nbsp;(via EasyCatalog),<\/li>\n\n\n\n<li><strong>Mettre \u00e0 jour automatiquement<\/strong> en cas de modification de prix ou de description.<\/li>\n<\/ul>\n\n\n\n<p>Dans ce webinaire de 30 minutes, nous vous pr\u00e9senterons le <strong>plugin EasyCatalog pour InDesign<\/strong> et nous vous montrerons comment automatiser la mise en page de vos catalogues et gagner du temps sur votre production graphique.<\/p>\n<\/div>\n<\/div>\n\n\n\n<div class=\"wp-block-column is-layout-flow wp-block-column-is-layout-flow\" style=\"flex-basis:30%\">\n<figure class=\"wp-block-image size-full is-resized\"><img loading=\"lazy\" decoding=\"async\" width=\"634\" height=\"642\" src=\"https:\/\/www.interactiv-technologies.com\/app\/uploads\/2024\/01\/EasyCatalog-plug-in-InDesign-facilite-travail-1-e1771604605147.png\" alt=\"\" class=\"wp-image-834\" style=\"aspect-ratio:1.0608036250982569;width:319px;height:auto\" srcset=\"https:\/\/www.interactiv-technologies.com\/app\/uploads\/2024\/01\/EasyCatalog-plug-in-InDesign-facilite-travail-1-e1771604605147.png 634w, https:\/\/www.interactiv-technologies.com\/app\/uploads\/2024\/01\/EasyCatalog-plug-in-InDesign-facilite-travail-1-e1771604605147-296x300.png 296w\" sizes=\"auto, (max-width: 634px) 100vw, 634px\" \/><\/figure>\n\n\n\n<div class=\"wp-block-columns is-layout-flex wp-container-core-columns-is-layout-28f84493 wp-block-columns-is-layout-flex\">\n<div class=\"wp-block-column is-vertically-aligned-center is-layout-flow wp-block-column-is-layout-flow\" style=\"flex-basis:30%\">\n<figure class=\"wp-block-image aligncenter size-large is-resized\"><img loading=\"lazy\" decoding=\"async\" width=\"1024\" height=\"998\" src=\"https:\/\/www.interactiv-technologies.com\/app\/uploads\/2024\/01\/1200px-Adobe_InDesign_CC_icon.svg_-1024x998.png\" alt=\"Logo_InDesign\" class=\"wp-image-1259\" style=\"aspect-ratio:1.0260761192598984;width:46px;height:auto\" srcset=\"https:\/\/www.interactiv-technologies.com\/app\/uploads\/2024\/01\/1200px-Adobe_InDesign_CC_icon.svg_-1024x998.png 1024w, https:\/\/www.interactiv-technologies.com\/app\/uploads\/2024\/01\/1200px-Adobe_InDesign_CC_icon.svg_-300x293.png 300w, https:\/\/www.interactiv-technologies.com\/app\/uploads\/2024\/01\/1200px-Adobe_InDesign_CC_icon.svg_-768x749.png 768w, https:\/\/www.interactiv-technologies.com\/app\/uploads\/2024\/01\/1200px-Adobe_InDesign_CC_icon.svg_.png 1200w\" sizes=\"auto, (max-width: 1024px) 100vw, 1024px\" \/><\/figure>\n<\/div>\n\n\n\n<div class=\"wp-block-column is-vertically-aligned-center is-layout-flow wp-block-column-is-layout-flow\" style=\"flex-basis:70%\">\n<figure class=\"wp-block-image aligncenter size-full\"><img loading=\"lazy\" decoding=\"async\" width=\"591\" height=\"165\" src=\"https:\/\/www.interactiv-technologies.com\/app\/uploads\/2024\/07\/Logo_EASYCATALOG_COULEUR.jpg\" alt=\"Logo_EASYCATALOG\" class=\"wp-image-7498\" style=\"aspect-ratio:3.5818891491022637\" srcset=\"https:\/\/www.interactiv-technologies.com\/app\/uploads\/2024\/07\/Logo_EASYCATALOG_COULEUR.jpg 591w, https:\/\/www.interactiv-technologies.com\/app\/uploads\/2024\/07\/Logo_EASYCATALOG_COULEUR-300x84.jpg 300w\" sizes=\"auto, (max-width: 591px) 100vw, 591px\" \/><\/figure>\n<\/div>\n<\/div>\n<\/div>\n<\/div>\n\n\n\n<div class=\"wp-block-columns is-layout-flex wp-container-core-columns-is-layout-eae17e81 wp-block-columns-is-layout-flex\" style=\"margin-top:var(--wp--preset--spacing--70);margin-bottom:var(--wp--preset--spacing--70)\">\n<div class=\"wp-block-column is-layout-flow wp-block-column-is-layout-flow\" style=\"flex-basis:15%\"><\/div>\n\n\n\n<div class=\"wp-block-column is-layout-flow wp-block-column-is-layout-flow\" style=\"flex-basis:70%\">\n<div class=\"wp-block-group has-background has-global-padding is-layout-constrained wp-container-core-group-is-layout-b91ec625 wp-block-group-is-layout-constrained\" style=\"border-top-left-radius:30px;border-top-right-radius:30px;border-bottom-left-radius:30px;border-bottom-right-radius:30px;background-color:#fadced;padding-top:var(--wp--preset--spacing--50);padding-right:var(--wp--preset--spacing--60);padding-bottom:var(--wp--preset--spacing--50);padding-left:var(--wp--preset--spacing--60)\">\n<h3 class=\"wp-block-heading\" style=\"font-size:clamp(16.293px, 1.018rem + ((1vw - 3.2px) * 0.68), 25px);\"><mark style=\"background-color:rgba(0, 0, 0, 0)\" class=\"has-inline-color has-violet-accent-color\">Le programme<\/mark><\/h3>\n\n\n\n<ul class=\"wp-block-list\">\n<li>La d\u00e9couverte de la mise en page automatique dans InDesign<\/li>\n\n\n\n<li>Une d\u00e9monstration exclusive du plugin EasyCatalog avec un vrai cas d&rsquo;usage<\/li>\n\n\n\n<li>Une session Questions &amp; R\u00e9ponses<\/li>\n<\/ul>\n<\/div>\n<\/div>\n\n\n\n<div class=\"wp-block-column is-layout-flow wp-block-column-is-layout-flow\" style=\"flex-basis:15%\"><\/div>\n<\/div>\n\n\n\n<div class=\"wp-block-columns is-layout-flex wp-container-core-columns-is-layout-7abde1fe wp-block-columns-is-layout-flex\" style=\"padding-top:var(--wp--preset--spacing--40);padding-bottom:var(--wp--preset--spacing--40)\">\n<div class=\"wp-block-column is-vertically-aligned-top is-layout-flow wp-block-column-is-layout-flow\" style=\"flex-basis:50%\">\n<h3 class=\"wp-block-heading has-text-align-center\" style=\"font-size:clamp(16.293px, 1.018rem + ((1vw - 3.2px) * 0.68), 25px);\"><mark style=\"background-color:rgba(0, 0, 0, 0)\" class=\"has-inline-color has-violet-accent-color\">Pour qui ?<\/mark><\/h3>\n\n\n\n<ul class=\"wp-block-list\">\n<li><strong>\u00c9quipes marketing et web<\/strong> : vous perdez beaucoup de temps et d\u2019\u00e9nergie sur la production de vos catalogues, leur relecture et correction et, enfin, leur mise \u00e0 jour continue.<\/li>\n\n\n\n<li>Par exemple :\n<ul class=\"wp-block-list\">\n<li>Responsables marketing \/ communication<\/li>\n\n\n\n<li>Charg\u00e9s de catalogue \/ print<\/li>\n\n\n\n<li>Graphistes \/ maquettistes<\/li>\n\n\n\n<li>Charg\u00e9s de communication<\/li>\n\n\n\n<li>Chefs de projet marketing<\/li>\n<\/ul>\n<\/li>\n<\/ul>\n<\/div>\n\n\n\n<div class=\"wp-block-column is-layout-flow wp-block-column-is-layout-flow\" style=\"flex-basis:50%\">\n<h3 class=\"wp-block-heading has-text-align-center\" style=\"font-size:clamp(16.293px, 1.018rem + ((1vw - 3.2px) * 0.68), 25px);\"><mark style=\"background-color:rgba(0, 0, 0, 0)\" class=\"has-inline-color has-violet-accent-color\">Notre pr\u00e9sentateur<\/mark><\/h3>\n\n\n\n<div class=\"wp-block-group has-global-padding is-layout-constrained wp-block-group-is-layout-constrained\">\n<div class=\"wp-block-group has-global-padding is-layout-constrained wp-block-group-is-layout-constrained\" style=\"padding-top:var(--wp--preset--spacing--20);padding-bottom:var(--wp--preset--spacing--20)\">\n<figure class=\"wp-block-image aligncenter size-full is-resized\"><img loading=\"lazy\" decoding=\"async\" width=\"200\" height=\"200\" src=\"https:\/\/www.interactiv-technologies.com\/app\/uploads\/2026\/03\/Intervenant-Publisher_Enrick-2.png\" alt=\"\" class=\"wp-image-15802\" style=\"width:166px;height:auto\" srcset=\"https:\/\/www.interactiv-technologies.com\/app\/uploads\/2026\/03\/Intervenant-Publisher_Enrick-2.png 200w, https:\/\/www.interactiv-technologies.com\/app\/uploads\/2026\/03\/Intervenant-Publisher_Enrick-2-150x150.png 150w\" sizes=\"auto, (max-width: 200px) 100vw, 200px\" \/><\/figure>\n\n\n\n<p class=\"has-text-align-center\"><strong><mark style=\"background-color:rgba(0, 0, 0, 0)\" class=\"has-inline-color has-violet-accent-color\">Enrick THEVENOT<\/mark><\/strong><\/p>\n\n\n\n<p class=\"has-text-align-center\"><em>Directeur des op\u00e9rations<\/em><\/p>\n<\/div>\n<\/div>\n<\/div>\n<\/div>\n\n\n\n<p class=\"has-text-align-center\" style=\"font-size:clamp(14.642px, 0.915rem + ((1vw - 3.2px) * 0.575), 22px);\"><strong><mark style=\"background-color:rgba(0, 0, 0, 0)\" class=\"has-inline-color has-violet-accent-color\">Nous vous attendons avec impatience le jeudi 2 avril \u00e0 11h30 !<\/mark><\/strong><\/p>\n\n\n\n<div class=\"wp-block-buttons is-content-justification-center is-layout-flex wp-container-core-buttons-is-layout-2a2903dc wp-block-buttons-is-layout-flex\" style=\"padding-top:var(--wp--preset--spacing--30)\">\n<div class=\"wp-block-button\"><a class=\"wp-block-button__link has-blanc-color has-violet-accent-background-color has-text-color has-background has-link-color has-border-color has-violet-accent-border-color has-text-align-center wp-element-button\" href=\"https:\/\/us06web.zoom.us\/webinar\/register\/6717726141233\/WN_pZR-lk6AT1aY6dh6n4geSg\" target=\"_blank\" rel=\"noreferrer noopener\">Je m&rsquo;inscris !<\/a><\/div>\n<\/div>\n<\/div>\n\n\n\n<div class=\"wp-block-group alignfull has-background has-global-padding is-layout-constrained wp-block-group-is-layout-constrained\" id=\"Catalogues-interactifs\" style=\"background-color:#d9f4dd;padding-top:var(--wp--preset--spacing--80);padding-bottom:var(--wp--preset--spacing--80)\">\n<h2 class=\"wp-block-heading has-gris-moyen-color has-text-color has-link-color wp-elements-4b1db5853f1c5f3b7db2e7ffe66e236e\" id=\"int\u00e9r\u00eat-cible-dpp\"><mark style=\"background-color:#2ca341\" class=\"has-inline-color has-blanc-color\">Catalogues interactifs : transformez vos PDF en flipbooks interactifs&nbsp;<\/mark><\/h2>\n\n\n\n<h3 class=\"wp-block-heading\" style=\"font-size:clamp(21.536px, 1.346rem + ((1vw - 3.2px) * 1.052), 35px);\"><mark style=\"background-color:rgba(0, 0, 0, 0)\" class=\"has-inline-color has-gris-moyen-color\">Mardi 7 avril &#8211; 11h30<\/mark><\/h3>\n\n\n\n<div class=\"wp-block-columns is-layout-flex wp-container-core-columns-is-layout-28f84493 wp-block-columns-is-layout-flex\">\n<div class=\"wp-block-column is-layout-flow wp-block-column-is-layout-flow\" style=\"flex-basis:70%\">\n<div class=\"wp-block-group has-global-padding is-layout-constrained wp-block-group-is-layout-constrained\">\n<p><strong>Entre les co\u00fbts d&rsquo;impression et les exemplaires papier benn\u00e9s pour faire place \u00e0 la nouvelle collection, il est souvent plus facile d&rsquo;opter pour un format digital en ce qui concerne vos catalogues. <br><\/strong>M\u00eame si les PDF sont souvent plus facilement partageables, les formats statiques sont moins confortables \u00e0 lire, les rendant peu attractifs et engageants. Au final, vous constatez souvent une chute drastique de vos statistiques de lecture et de t\u00e9l\u00e9chargement.<\/p>\n\n\n\n<p>Un <strong>catalogue feuilletable<\/strong>, ou <strong>flipbook, interactif<\/strong> est l&rsquo;alternative id\u00e9ale pour rendre vos supports marketing (catalogues, brochures, fiches produits, rapport annuel, magazines&#8230;) plus engageants et faciles \u00e0 lire. Ses nombreuses fonctionnalit\u00e9s vous permettront de :<\/p>\n<\/div>\n<\/div>\n\n\n\n<div class=\"wp-block-column is-vertically-aligned-center is-layout-flow wp-block-column-is-layout-flow\" style=\"flex-basis:30%\">\n<figure class=\"wp-block-image aligncenter size-large\"><img loading=\"lazy\" decoding=\"async\" width=\"1024\" height=\"659\" src=\"https:\/\/www.interactiv-technologies.com\/app\/uploads\/2026\/02\/avantages-a-utiliser-un-feuilleteur-interactif-fond-vert-IT-Doc-1024x659.png\" alt=\"\" class=\"wp-image-15526\" style=\"aspect-ratio:1.6332236173757568\" srcset=\"https:\/\/www.interactiv-technologies.com\/app\/uploads\/2026\/02\/avantages-a-utiliser-un-feuilleteur-interactif-fond-vert-IT-Doc-1024x659.png 1024w, https:\/\/www.interactiv-technologies.com\/app\/uploads\/2026\/02\/avantages-a-utiliser-un-feuilleteur-interactif-fond-vert-IT-Doc-300x193.png 300w, https:\/\/www.interactiv-technologies.com\/app\/uploads\/2026\/02\/avantages-a-utiliser-un-feuilleteur-interactif-fond-vert-IT-Doc-768x494.png 768w, https:\/\/www.interactiv-technologies.com\/app\/uploads\/2026\/02\/avantages-a-utiliser-un-feuilleteur-interactif-fond-vert-IT-Doc-1536x989.png 1536w, https:\/\/www.interactiv-technologies.com\/app\/uploads\/2026\/02\/avantages-a-utiliser-un-feuilleteur-interactif-fond-vert-IT-Doc-2048x1318.png 2048w\" sizes=\"auto, (max-width: 1024px) 100vw, 1024px\" \/><\/figure>\n<\/div>\n<\/div>\n\n\n\n<ul class=\"wp-block-list\">\n<li><strong>Collecter des coordonn\u00e9s<\/strong> via des formulaires int\u00e9gr\u00e9s,<\/li>\n\n\n\n<li>Donner la possibilit\u00e9 \u00e0 vos clients de <strong>demander des devis<\/strong> ou <strong>passer des commandes<\/strong> depuis le support interactif,<\/li>\n\n\n\n<li><strong>Optimiser le r\u00e9f\u00e9rencement<\/strong> naturel de vos flipbooks,<\/li>\n\n\n\n<li><strong>Augmenter le taux de lecture et d&rsquo;engagement<\/strong> via des zones interactives et l&rsquo;ajout de vid\u00e9os ou de podcasts&#8230;<\/li>\n<\/ul>\n\n\n\n<p>Dans ce webinaire, vous en apprendrez plus sur le <strong>format du catalogue interactif<\/strong> et vous profiterez d&rsquo;une <strong>d\u00e9monstration exclusive de son fonctionnemen<\/strong>t.<\/p>\n\n\n\n<div class=\"wp-block-columns is-layout-flex wp-container-core-columns-is-layout-eae17e81 wp-block-columns-is-layout-flex\" style=\"margin-top:var(--wp--preset--spacing--70);margin-bottom:var(--wp--preset--spacing--70)\">\n<div class=\"wp-block-column is-layout-flow wp-block-column-is-layout-flow\" style=\"flex-basis:15%\"><\/div>\n\n\n\n<div class=\"wp-block-column has-blanc-background-color has-background is-layout-flow wp-block-column-is-layout-flow\" style=\"border-top-left-radius:30px;border-top-right-radius:30px;border-bottom-left-radius:30px;border-bottom-right-radius:30px;padding-top:var(--wp--preset--spacing--50);padding-right:var(--wp--preset--spacing--50);padding-bottom:var(--wp--preset--spacing--50);padding-left:var(--wp--preset--spacing--50);flex-basis:70%\">\n<div class=\"wp-block-group has-global-padding is-layout-constrained wp-block-group-is-layout-constrained\">\n<h3 class=\"wp-block-heading\" style=\"font-size:clamp(16.293px, 1.018rem + ((1vw - 3.2px) * 0.68), 25px);\"><mark style=\"background-color:rgba(0, 0, 0, 0)\" class=\"has-inline-color has-vert-accent-color\">Le programme<\/mark><\/h3>\n\n\n\n<ul class=\"wp-block-list\">\n<li>D\u00e9couvrir le catalogue interactif \u00e9volu\u00e9<\/li>\n\n\n\n<li>Une d\u00e9monstration produit exclusive pour comprendre le fonctionnement d&rsquo;un flipbook interactif<\/li>\n\n\n\n<li>Une session de Questions &amp; R\u00e9ponses<\/li>\n<\/ul>\n<\/div>\n<\/div>\n\n\n\n<div class=\"wp-block-column is-layout-flow wp-block-column-is-layout-flow\" style=\"flex-basis:15%\"><\/div>\n<\/div>\n\n\n\n<div class=\"wp-block-columns is-layout-flex wp-container-core-columns-is-layout-7abde1fe wp-block-columns-is-layout-flex\" style=\"padding-top:var(--wp--preset--spacing--40);padding-bottom:var(--wp--preset--spacing--40)\">\n<div class=\"wp-block-column is-vertically-aligned-top is-layout-flow wp-block-column-is-layout-flow\" style=\"flex-basis:50%\">\n<h3 class=\"wp-block-heading has-text-align-center\" style=\"font-size:clamp(16.293px, 1.018rem + ((1vw - 3.2px) * 0.68), 25px);\"><mark style=\"background-color:rgba(0, 0, 0, 0)\" class=\"has-inline-color has-vert-accent-color\">Pour qui ?<\/mark><\/h3>\n\n\n\n<ul class=\"wp-block-list\">\n<li><strong>Responsables communication \/ marketing :<\/strong> vous souhaitez offrir une exp\u00e9rience de lecture moderne (vid\u00e9o, liens d&rsquo;achat) sans les co\u00fbts du papier.<\/li>\n\n\n\n<li><strong>Commerciaux et ADV :<\/strong> vous souhaitez disposer d&rsquo;un format plus pratique \u00e0 partager ou \u00e0 pr\u00e9senter tout en profitant des fonctionnalit\u00e9s de prise de commande et de devis.<\/li>\n\n\n\n<li><strong>Responsables RSE :<\/strong> vous cherchez \u00e0 r\u00e9duire votre empreinte carbone li\u00e9e \u00e0 l&rsquo;impression.<\/li>\n\n\n\n<li><strong>Responsables e-commerce et charg\u00e9s de webmarketing :<\/strong> vous avez besoin d&rsquo;un format pratique \u00e0 mettre en ligne sur vos marketplaces.<\/li>\n<\/ul>\n<\/div>\n\n\n\n<div class=\"wp-block-column is-layout-flow wp-block-column-is-layout-flow\" style=\"flex-basis:50%\">\n<h3 class=\"wp-block-heading has-text-align-center\" style=\"font-size:clamp(16.293px, 1.018rem + ((1vw - 3.2px) * 0.68), 25px);\"><mark style=\"background-color:rgba(0, 0, 0, 0)\" class=\"has-inline-color has-vert-accent-color\">Notre pr\u00e9sentateur<\/mark><\/h3>\n\n\n\n<div class=\"wp-block-group has-global-padding is-layout-constrained wp-block-group-is-layout-constrained\" style=\"padding-top:var(--wp--preset--spacing--40);padding-bottom:var(--wp--preset--spacing--40)\">\n<div class=\"wp-block-group has-global-padding is-layout-constrained wp-block-group-is-layout-constrained\">\n<figure class=\"wp-block-image aligncenter size-full is-resized\"><img loading=\"lazy\" decoding=\"async\" width=\"200\" height=\"200\" src=\"https:\/\/www.interactiv-technologies.com\/app\/uploads\/2026\/02\/Intervenant-Doc_Mathieu-1.png\" alt=\"\" class=\"wp-image-15520\" style=\"width:166px;height:auto\" srcset=\"https:\/\/www.interactiv-technologies.com\/app\/uploads\/2026\/02\/Intervenant-Doc_Mathieu-1.png 200w, https:\/\/www.interactiv-technologies.com\/app\/uploads\/2026\/02\/Intervenant-Doc_Mathieu-1-150x150.png 150w\" sizes=\"auto, (max-width: 200px) 100vw, 200px\" \/><\/figure>\n\n\n\n<p class=\"has-text-align-center\"><strong><mark style=\"background-color:rgba(0, 0, 0, 0)\" class=\"has-inline-color has-vert-accent-color\">Mathieu RIEU<\/mark><\/strong><\/p>\n\n\n\n<p class=\"has-text-align-center\"><em>Commercial<\/em><\/p>\n<\/div>\n<\/div>\n<\/div>\n<\/div>\n\n\n\n<p class=\"has-text-align-center\" style=\"font-size:clamp(14.642px, 0.915rem + ((1vw - 3.2px) * 0.575), 22px);\"><strong><mark style=\"background-color:rgba(0, 0, 0, 0)\" class=\"has-inline-color has-vert-accent-color\">Nous vous attendons avec impatience le mardi 7 avril \u00e0 11h30 !<\/mark><\/strong><\/p>\n\n\n\n<div class=\"wp-block-buttons is-content-justification-center is-layout-flex wp-container-core-buttons-is-layout-a89b3969 wp-block-buttons-is-layout-flex\">\n<div class=\"wp-block-button\"><a class=\"wp-block-button__link has-blanc-color has-vert-accent-background-color has-text-color has-background has-link-color has-border-color has-vert-accent-border-color has-text-align-center wp-element-button\" href=\"https:\/\/us06web.zoom.us\/webinar\/register\/8917726159641\/WN_sGvZYC9mQ72fHV_MNwpJRA\" target=\"_blank\" rel=\"noreferrer noopener\">Je m&rsquo;inscris !<\/a><\/div>\n<\/div>\n<\/div>\n\n\n\n<div class=\"wp-block-group alignfull has-blanc-background-color has-background has-global-padding is-layout-constrained wp-block-group-is-layout-constrained\">\n<div class=\"wp-block-columns is-layout-flex wp-container-core-columns-is-layout-51c0b34d wp-block-columns-is-layout-flex\" id=\"Presta\" style=\"padding-top:var(--wp--preset--spacing--50);padding-bottom:var(--wp--preset--spacing--50)\">\n<div class=\"wp-block-column is-layout-flow wp-block-column-is-layout-flow\" style=\"padding-top:var(--wp--preset--spacing--60);padding-bottom:var(--wp--preset--spacing--60);flex-basis:100%\">\n<h2 class=\"wp-block-heading has-blanc-color has-text-color has-link-color wp-elements-a572f1408b79688ac3256939da73c63e\" style=\"line-height:1.3\"><mark style=\"background-color:#30529c\" class=\"has-inline-color has-blanc-color\">Sous-traitance de la cr\u00e9ation de catalogues : comment produire vos supports plus vite sans mobiliser vos \u00e9quipes internes ?<\/mark><\/h2>\n\n\n\n<h3 class=\"wp-block-heading\" style=\"font-size:clamp(21.536px, 1.346rem + ((1vw - 3.2px) * 1.052), 35px);\"><mark style=\"background-color:rgba(0, 0, 0, 0)\" class=\"has-inline-color has-gris-moyen-color\">Jeudi 9 avril &#8211; 11h30<\/mark><\/h3>\n\n\n\n<div class=\"wp-block-columns is-layout-flex wp-container-core-columns-is-layout-28f84493 wp-block-columns-is-layout-flex\">\n<div class=\"wp-block-column is-layout-flow wp-block-column-is-layout-flow\" style=\"flex-basis:70%\">\n<div class=\"wp-block-group has-global-padding is-layout-constrained wp-block-group-is-layout-constrained\">\n<p><strong>Lorsqu&rsquo;on dispose d&rsquo;un service restreint ou de ressources inadapt\u00e9es, la cr\u00e9ation de catalogues peut \u00eatre per\u00e7ue comme une t\u00e2che insurmontable<\/strong>. Vos \u00e9quipes internes sont submerg\u00e9es et vous ne disposez pas des outils n\u00e9cessaires ? Alors, notre service de prestation de catalogue peut vous int\u00e9resser !<\/p>\n\n\n\n<p>Un<strong> service de prestation<\/strong> comme le n\u00f4tre s&rsquo;occupe de <strong>cr\u00e9er, partiellement ou compl\u00e8tement, tout support marketing<\/strong> demand\u00e9 en respectant les contraintes de d\u00e9lai et les besoins des clients.<\/p>\n\n\n\n<p>Ce webinaire vous permettra de :<\/p>\n\n\n\n<ul class=\"wp-block-list\">\n<li>Comprendre le <strong>fonctionnement de notre service de sous-traitance<\/strong>,<\/li>\n\n\n\n<li>D\u00e9couvrir la m\u00e9thodologie utilis\u00e9e qui nous permet de proposer des prestations rapides, \u00e9conomiques et qualitatives \u00e0 travers <strong>diff\u00e9rents cas clients<\/strong>.<\/li>\n<\/ul>\n<\/div>\n<\/div>\n\n\n\n<div class=\"wp-block-column is-vertically-aligned-center is-layout-flow wp-block-column-is-layout-flow\" style=\"flex-basis:30%\">\n<figure class=\"wp-block-image aligncenter size-full\"><img loading=\"lazy\" decoding=\"async\" width=\"661\" height=\"426\" src=\"https:\/\/www.interactiv-technologies.com\/app\/uploads\/2026\/02\/PRESTATIONS_Graphiste-edition-catalogue_Clair_Version-gauche_BD.png\" alt=\"\" class=\"wp-image-15436\" style=\"aspect-ratio:1.5516948498185468\" srcset=\"https:\/\/www.interactiv-technologies.com\/app\/uploads\/2026\/02\/PRESTATIONS_Graphiste-edition-catalogue_Clair_Version-gauche_BD.png 661w, https:\/\/www.interactiv-technologies.com\/app\/uploads\/2026\/02\/PRESTATIONS_Graphiste-edition-catalogue_Clair_Version-gauche_BD-300x193.png 300w\" sizes=\"auto, (max-width: 661px) 100vw, 661px\" \/><\/figure>\n<\/div>\n<\/div>\n\n\n\n<div class=\"wp-block-columns is-layout-flex wp-container-core-columns-is-layout-eae17e81 wp-block-columns-is-layout-flex\" style=\"margin-top:var(--wp--preset--spacing--70);margin-bottom:var(--wp--preset--spacing--70)\">\n<div class=\"wp-block-column is-layout-flow wp-block-column-is-layout-flow\" style=\"flex-basis:15%\"><\/div>\n\n\n\n<div class=\"wp-block-column has-background is-layout-flow wp-block-column-is-layout-flow\" style=\"border-top-left-radius:30px;border-top-right-radius:30px;border-bottom-left-radius:30px;border-bottom-right-radius:30px;background-color:#eef2ff;padding-top:var(--wp--preset--spacing--50);padding-right:var(--wp--preset--spacing--50);padding-bottom:var(--wp--preset--spacing--50);padding-left:var(--wp--preset--spacing--50);flex-basis:70%\">\n<div class=\"wp-block-group has-global-padding is-layout-constrained wp-block-group-is-layout-constrained\">\n<h3 class=\"wp-block-heading\" style=\"font-size:clamp(16.293px, 1.018rem + ((1vw - 3.2px) * 0.68), 25px);\"><mark style=\"background-color:rgba(0, 0, 0, 0)\" class=\"has-inline-color has-bleu-accent-color\">Le programme<\/mark><\/h3>\n\n\n\n<ul class=\"wp-block-list\">\n<li>Les raisons de faire appel \u00e0 un prestataire externe<\/li>\n\n\n\n<li>Le syst\u00e8me de prestations automatis\u00e9es<\/li>\n\n\n\n<li>La m\u00e9thodologie de sous-traitance avec Interactiv\u2019 Technologies<\/li>\n\n\n\n<li>Des exemples de cas clients concrets<\/li>\n\n\n\n<li>Une session de Questions &amp; R\u00e9ponses<\/li>\n<\/ul>\n<\/div>\n<\/div>\n\n\n\n<div class=\"wp-block-column is-layout-flow wp-block-column-is-layout-flow\" style=\"flex-basis:15%\"><\/div>\n<\/div>\n\n\n\n<div class=\"wp-block-columns is-layout-flex wp-container-core-columns-is-layout-7abde1fe wp-block-columns-is-layout-flex\" style=\"padding-top:var(--wp--preset--spacing--40);padding-bottom:var(--wp--preset--spacing--40)\">\n<div class=\"wp-block-column is-vertically-aligned-top is-layout-flow wp-block-column-is-layout-flow\" style=\"flex-basis:50%\">\n<h3 class=\"wp-block-heading has-text-align-center\" style=\"font-size:clamp(16.293px, 1.018rem + ((1vw - 3.2px) * 0.68), 25px);\">Pour qui ?<\/h3>\n\n\n\n<ul class=\"wp-block-list\">\n<li><strong>Responsables marketing et communication<\/strong> : vous n&rsquo;avez pas les ressources en interne pour g\u00e9rer les productions de catalogue.<\/li>\n\n\n\n<li><strong>PME \/ ETI :<\/strong> vous ne poss\u00e9dez pas l&rsquo;expertise technique EasyCatalog mais voulez un r\u00e9sultat professionnel et rapide.<\/li>\n\n\n\n<li><strong>Chefs de projet marketing ou e-commerce :<\/strong> vous cherchez un partenaire capable de prendre le relais de A \u00e0 Z sur la mise en page.<\/li>\n\n\n\n<li><strong>Graphistes ou charg\u00e9s de catalogue<\/strong> : votre planning est charg\u00e9 et vous avez besoin de soutien sur la production d&rsquo;une partie des supports marketing.<\/li>\n<\/ul>\n<\/div>\n\n\n\n<div class=\"wp-block-column is-layout-flow wp-block-column-is-layout-flow\" style=\"flex-basis:50%\">\n<div class=\"wp-block-group has-global-padding is-layout-constrained wp-block-group-is-layout-constrained\">\n<h3 class=\"wp-block-heading has-text-align-center\" style=\"font-size:clamp(16.293px, 1.018rem + ((1vw - 3.2px) * 0.68), 25px);\"><mark style=\"background-color:rgba(0, 0, 0, 0)\" class=\"has-inline-color has-bleu-accent-color\">Notre pr\u00e9sentateur<\/mark><\/h3>\n\n\n\n<figure class=\"wp-block-image aligncenter size-full is-resized\"><img loading=\"lazy\" decoding=\"async\" width=\"200\" height=\"200\" src=\"https:\/\/www.interactiv-technologies.com\/app\/uploads\/2026\/02\/Intervenant-Presta_Maxime-1.png\" alt=\"\" class=\"wp-image-15522\" style=\"width:174px;height:auto\" srcset=\"https:\/\/www.interactiv-technologies.com\/app\/uploads\/2026\/02\/Intervenant-Presta_Maxime-1.png 200w, https:\/\/www.interactiv-technologies.com\/app\/uploads\/2026\/02\/Intervenant-Presta_Maxime-1-150x150.png 150w\" sizes=\"auto, (max-width: 200px) 100vw, 200px\" \/><\/figure>\n<\/div>\n\n\n\n<p class=\"has-text-align-center\"><strong><mark style=\"background-color:rgba(0, 0, 0, 0)\" class=\"has-inline-color has-bleu-accent-color\">Maxime LANGRAIS<\/mark><\/strong><\/p>\n\n\n\n<p class=\"has-text-align-center\"><em>Customer Success Manager<\/em><\/p>\n<\/div>\n<\/div>\n\n\n\n<p class=\"has-text-align-center\" style=\"padding-top:var(--wp--preset--spacing--30);font-size:clamp(14.642px, 0.915rem + ((1vw - 3.2px) * 0.575), 22px);\"><strong><mark style=\"background-color:rgba(0, 0, 0, 0)\" class=\"has-inline-color has-bleu-accent-color\">Nous vous attendons avec impatience le jeudi 9 avril \u00e0 11h30 !<\/mark><\/strong><\/p>\n\n\n\n<div class=\"wp-block-buttons is-content-justification-center is-layout-flex wp-container-core-buttons-is-layout-2a2903dc wp-block-buttons-is-layout-flex\" style=\"padding-top:var(--wp--preset--spacing--30)\">\n<div class=\"wp-block-button\"><a class=\"wp-block-button__link has-text-align-center wp-element-button\" href=\"https:\/\/us06web.zoom.us\/webinar\/register\/2017726179564\/WN_TVSzzURZRPCl_tLuIAancw\" style=\"border-style:none;border-width:0px\" target=\"_blank\" rel=\"noreferrer noopener\">Je m&rsquo;inscris !<\/a><\/div>\n<\/div>\n<\/div>\n<\/div>\n<\/div>\n\n\n\n<hr class=\"wp-block-separator has-alpha-channel-opacity\"\/>\n\n\n\n<div class=\"wp-block-group alignfull has-global-padding is-layout-constrained wp-block-group-is-layout-constrained\" style=\"padding-top:0;padding-bottom:0\">\n<div class=\"wp-block-columns is-layout-flex wp-container-core-columns-is-layout-1e297cbc wp-block-columns-is-layout-flex\" id=\"Interactiv-technologies\" style=\"padding-top:var(--wp--preset--spacing--70);padding-bottom:var(--wp--preset--spacing--70)\">\n<div class=\"wp-block-column is-layout-flow wp-block-column-is-layout-flow\" style=\"flex-basis:100%\">\n<div class=\"wp-block-columns is-layout-flex wp-container-core-columns-is-layout-28f84493 wp-block-columns-is-layout-flex\">\n<div class=\"wp-block-column is-layout-flow wp-block-column-is-layout-flow\" style=\"flex-basis:50%\">\n<h2 class=\"wp-block-heading has-gris-moyen-color has-text-color has-link-color wp-elements-dc083a4c7735d1a25837e6e1f354239d\" id=\"conclusion-pim-dpp\"><mark style=\"background-color:rgba(0, 0, 0, 0)\" class=\"has-inline-color has-bleu-fonce-color\">Qui est Interactiv&rsquo; Technologies ?<\/mark><\/h2>\n<\/div>\n\n\n\n<div class=\"wp-block-column is-layout-flow wp-block-column-is-layout-flow\" style=\"flex-basis:50%\">\n<figure class=\"wp-block-image size-full is-resized\"><img loading=\"lazy\" decoding=\"async\" width=\"900\" height=\"236\" src=\"https:\/\/www.interactiv-technologies.com\/app\/uploads\/2024\/01\/Logo_IT_COULEUR.png\" alt=\"Logo de l'\u00e9diteur et int\u00e9grateur fran\u00e7ais Interactiv' Technologies\" class=\"wp-image-27\" style=\"aspect-ratio:3.8138443488463043;width:240px;height:auto\" srcset=\"https:\/\/www.interactiv-technologies.com\/app\/uploads\/2024\/01\/Logo_IT_COULEUR.png 900w, https:\/\/www.interactiv-technologies.com\/app\/uploads\/2024\/01\/Logo_IT_COULEUR-300x79.png 300w, https:\/\/www.interactiv-technologies.com\/app\/uploads\/2024\/01\/Logo_IT_COULEUR-768x201.png 768w\" sizes=\"auto, (max-width: 900px) 100vw, 900px\" \/><\/figure>\n<\/div>\n<\/div>\n\n\n\n<p>Cr\u00e9\u00e9e en 2008, Interactiv\u2019 Technologies est une soci\u00e9t\u00e9 de&nbsp;<strong>conseil<\/strong>&nbsp;et de&nbsp;<strong>d\u00e9veloppement<\/strong>&nbsp;<strong>informatique<\/strong> sp\u00e9cialis\u00e9e&nbsp;dans les technologies de&nbsp;<strong>cr\u00e9ation<\/strong>&nbsp;et&nbsp;<strong>diffusion<\/strong>&nbsp;de l\u2019information. Elle compte aujourd&rsquo;hui plus de 40 collaborateurs et accompagne plus de 1 000 clients dans leurs probl\u00e9matiques de gestion et de diffusion de l\u2019information produit.<\/p>\n\n\n\n<p>Forte de son exp\u00e9rience aupr\u00e8s de multiples <strong>clients de tous secteurs et de toutes taille<\/strong>s, elle sait se montrer flexible et s&rsquo;adapter \u00e0 vos enjeux et probl\u00e9matiques m\u00e9tiers. Disposant d&rsquo;une double casquette d&rsquo;<strong>\u00e9diteur et d&rsquo;int\u00e9grateur de ses solutions<\/strong> ainsi que d&rsquo;une \u00e9quipe&nbsp;<strong>jeune<\/strong>,&nbsp;<strong>dynamique<\/strong>&nbsp;et&nbsp;<strong>qualifi\u00e9e<\/strong>, elle saura vous accompagner de bout en bout dans tous vos projets de gestion des donn\u00e9es produit, de r\u00e9alisation et de diffusion de catalogues.<\/p>\n<\/div>\n<\/div>\n<\/div>\n","protected":false},"excerpt":{"rendered":"<p>\u26a0 Merci pour l&rsquo;int\u00e9r\u00eat port\u00e9 \u00e0 nos webinaires ! Les inscriptions sont cl\u00f4tur\u00e9es mais vous avez la possibilit\u00e9 de demander les replays des diff\u00e9rentes sessions \u00e0 l&rsquo;adresse:marketing@interactiv.tech Webinaires du Marketing Avril 2026 :De la gestion des donn\u00e9es produits \u00e0 la cr\u00e9ation &amp; diffusion de catalogues 4 leviers pour transformer votre marketing produit ! \u2705 Inscription [&hellip;]<\/p>\n","protected":false},"author":6,"featured_media":0,"comment_status":"closed","ping_status":"closed","sticky":false,"template":"","format":"standard","meta":{"_seopress_robots_primary_cat":"none","_seopress_titles_title":"Webinaires Marketing - Interactiv' Technologies","_seopress_titles_desc":"De la gestion des donn\u00e9es produits \u00e0 la cr\u00e9ation & diffusion de catalogue : boostez votre business avec un \u00e9cosyst\u00e8me complet ! 4 dates, 4 th\u00e8mes, webinaires gratuits.","_seopress_robots_index":"","_it_page_product":"contact","_it_call_to_action":["{\"text\":\"\",\"url\":\"\"}","{\"text\":\"\",\"url\":\"\"}","{\"text\":\"\",\"url\":\"\"}","{\"text\":\"\",\"url\":\"\"}"],"footnotes":""},"categories":[39],"tags":[],"class_list":["post-15382","post","type-post","status-publish","format-standard","hentry","category-actualites"],"_links":{"self":[{"href":"https:\/\/www.interactiv-technologies.com\/fr\/wp-json\/wp\/v2\/posts\/15382","targetHints":{"allow":["GET"]}}],"collection":[{"href":"https:\/\/www.interactiv-technologies.com\/fr\/wp-json\/wp\/v2\/posts"}],"about":[{"href":"https:\/\/www.interactiv-technologies.com\/fr\/wp-json\/wp\/v2\/types\/post"}],"author":[{"embeddable":true,"href":"https:\/\/www.interactiv-technologies.com\/fr\/wp-json\/wp\/v2\/users\/6"}],"replies":[{"embeddable":true,"href":"https:\/\/www.interactiv-technologies.com\/fr\/wp-json\/wp\/v2\/comments?post=15382"}],"version-history":[{"count":53,"href":"https:\/\/www.interactiv-technologies.com\/fr\/wp-json\/wp\/v2\/posts\/15382\/revisions"}],"predecessor-version":[{"id":16456,"href":"https:\/\/www.interactiv-technologies.com\/fr\/wp-json\/wp\/v2\/posts\/15382\/revisions\/16456"}],"wp:attachment":[{"href":"https:\/\/www.interactiv-technologies.com\/fr\/wp-json\/wp\/v2\/media?parent=15382"}],"wp:term":[{"taxonomy":"category","embeddable":true,"href":"https:\/\/www.interactiv-technologies.com\/fr\/wp-json\/wp\/v2\/categories?post=15382"},{"taxonomy":"post_tag","embeddable":true,"href":"https:\/\/www.interactiv-technologies.com\/fr\/wp-json\/wp\/v2\/tags?post=15382"}],"curies":[{"name":"wp","href":"https:\/\/api.w.org\/{rel}","templated":true}]}}