{"id":11149,"date":"2025-04-16T10:06:05","date_gmt":"2025-04-16T08:06:05","guid":{"rendered":"https:\/\/www.interactiv-technologies.com\/?p=11149"},"modified":"2025-04-30T15:04:02","modified_gmt":"2025-04-30T13:04:02","slug":"11149","status":"publish","type":"post","link":"https:\/\/www.interactiv-technologies.com\/fr\/connectez-votre-pim-a-indesign-via-easycatalog-pour-automatiser-la-creation-de-vos-catalogues","title":{"rendered":"Connectez votre PIM \u00e0 InDesign via EasyCatalog pour automatiser la cr\u00e9ation de vos catalogues"},"content":{"rendered":"\n<div class=\"wp-block-group alignfull has-rouge-accent-background-color has-background has-global-padding is-layout-constrained wp-block-group-is-layout-constrained\" style=\"padding-top:var(--wp--preset--spacing--40);padding-bottom:var(--wp--preset--spacing--60)\">\n<div class=\"wp-block-group alignwide has-blanc-color has-text-color has-link-color has-small-font-size wp-elements-bf8c93ea3ef9660c3f317439d4e72dba has-global-padding is-layout-constrained wp-block-group-is-layout-constrained\"><div class=\"alignwide wp-block-wpseopress-breadcrumbs\"><nav  aria-label=\"Fil d&#039;Ariane\"><ol class=\"breadcrumb\" itemscope itemtype=\"https:\/\/schema.org\/BreadcrumbList\"><li class=\"breadcrumb-item active\" aria-current=\"page\" itemprop=\"itemListElement\" itemscope itemtype=\"https:\/\/schema.org\/ListItem\"><span itemprop=\"name\">Accueil<\/span><meta itemprop=\"position\" content=\"1\"><\/li><\/ol><\/nav><\/div><\/div>\n\n\n\n<h1 class=\"wp-block-heading has-text-align-center has-blanc-color has-text-color has-link-color wp-elements-86b408d2d3b7979c144c4f96e04e626e\">Connectez votre PIM \u00e0 InDesign via EasyCatalog pour automatiser la cr\u00e9ation de vos catalogues<\/h1>\n<\/div>\n\n\n\n<h2 class=\"wp-block-heading\">Introduction<\/h2>\n\n\n\n<figure class=\"wp-block-image size-full is-resized\"><img loading=\"lazy\" decoding=\"async\" width=\"3248\" height=\"1350\" src=\"https:\/\/www.interactiv-technologies.com\/app\/uploads\/2025\/04\/Templates-pour-bannieres-articles-site-web_Plan-de-travail-1-copie-11-1.png\" alt=\"Visuel illustrant le transfert de donn\u00e9es produits depuis le PIM\/DAM Interactiv' DataBase dans InDesign gr\u00e2ce \u00e0 EasyCatalog, un plugin propos\u00e9 par Interactiv' Technologies\" class=\"wp-image-11348\" style=\"width:535px\" srcset=\"https:\/\/www.interactiv-technologies.com\/app\/uploads\/2025\/04\/Templates-pour-bannieres-articles-site-web_Plan-de-travail-1-copie-11-1.png 3248w, https:\/\/www.interactiv-technologies.com\/app\/uploads\/2025\/04\/Templates-pour-bannieres-articles-site-web_Plan-de-travail-1-copie-11-1-300x125.png 300w, https:\/\/www.interactiv-technologies.com\/app\/uploads\/2025\/04\/Templates-pour-bannieres-articles-site-web_Plan-de-travail-1-copie-11-1-1024x426.png 1024w, https:\/\/www.interactiv-technologies.com\/app\/uploads\/2025\/04\/Templates-pour-bannieres-articles-site-web_Plan-de-travail-1-copie-11-1-768x319.png 768w, https:\/\/www.interactiv-technologies.com\/app\/uploads\/2025\/04\/Templates-pour-bannieres-articles-site-web_Plan-de-travail-1-copie-11-1-1536x638.png 1536w, https:\/\/www.interactiv-technologies.com\/app\/uploads\/2025\/04\/Templates-pour-bannieres-articles-site-web_Plan-de-travail-1-copie-11-1-2048x851.png 2048w\" sizes=\"auto, (max-width: 3248px) 100vw, 3248px\" \/><\/figure>\n\n\n\n<p>Vous devez cr\u00e9er ou mettre \u00e0 jour votre catalogue depuis InDesign (suite \u00e0 des changements de prix, des ajouts et\/ou des retraits de produits) et<strong> vous perdez du temps \u00e0 trouver les bonnes informations produits et ensuite faire les diverses mises \u00e0 jour manuellement une par une ? <\/strong><br><strong>D\u00e9couvrez comment automatiser ce traitement gr\u00e2ce \u00e0 la connexion entre <a href=\"https:\/\/www.interactiv-technologies.com\/fr\/base-de-donnees-produits-pim\/\">un logiciel PIM<\/a> (Product Information Management) et InDesign via le plugin <a href=\"https:\/\/easycatalog-france.fr\/\">EasyCatalog<\/a> !<\/strong><\/p>\n\n\n\n<p class=\"has-rouge-fonce-color has-text-color has-link-color wp-elements-50ebe1c33d2010eb05c44376c6eb4695\"><strong>\ud83d\udca1Gain de temps \u00b7 \ud83d\udca1Moins d&rsquo;erreurs \u00b7 \ud83d\udca1Des donn\u00e9es de qualit\u00e9<\/strong><\/p>\n\n\n\n<hr class=\"wp-block-separator has-alpha-channel-opacity\"\/>\n\n\n\n<div class=\"wp-block-group has-global-padding is-layout-constrained wp-block-group-is-layout-constrained\" style=\"padding-top:var(--wp--preset--spacing--60);padding-bottom:var(--wp--preset--spacing--60)\">\n<div class=\"wp-block-columns are-vertically-aligned-center is-layout-flex wp-container-core-columns-is-layout-28f84493 wp-block-columns-is-layout-flex\">\n<div class=\"wp-block-column is-vertically-aligned-center is-layout-flow wp-block-column-is-layout-flow\" style=\"flex-basis:66.66%\">\n<h2 class=\"wp-block-heading\">Automatisez la cr\u00e9ation et les mises \u00e0 jour de vos supports avec le plugin EasyCatalog directement dans le logiciel Adobe InDesign<\/h2>\n\n\n\n<h3 class=\"wp-block-heading\">Qu&rsquo;est-ce qu&rsquo;EasyCatalog ?<\/h3>\n\n\n\n<p><strong>L&rsquo;extension EasyCatalog vous permet de lier en toute simplicit\u00e9 des informations produits<\/strong> issues de diff\u00e9rents formats et sources de donn\u00e9es (CSV, XML, ERP, solution PIM, un logiciel interne, etc), <strong>\u00e0 votre mise en page automatiquement dans InDesign.<\/strong> Une solution id\u00e9ale pour les entreprises souhaitant digitaliser leur processus de mise en page produit.<\/p>\n\n\n\n<p class=\"has-violet-accent-color has-text-color has-link-color wp-elements-3bdf2503d4884d9202d4398fa7e16afe\">\ud83d\udca1 Sous le nom d&rsquo;<strong>Interactiv&rsquo; Publisher<\/strong>, nous vous proposons d&rsquo;acqu\u00e9rir l&rsquo;outil.<\/p>\n\n\n\n<div class=\"wp-block-buttons is-layout-flex wp-block-buttons-is-layout-flex\">\n<div class=\"wp-block-button\"><a class=\"wp-block-button__link wp-element-button\" href=\"https:\/\/www.interactiv-technologies.com\/fr\/interactiv-publisher\/\">En savoir plus sur EasyCatalog<\/a><\/div>\n<\/div>\n<\/div>\n\n\n\n<div class=\"wp-block-column is-vertically-aligned-center is-layout-flow wp-block-column-is-layout-flow\" style=\"flex-basis:33.33%\">\n<figure class=\"wp-block-image size-full\"><img loading=\"lazy\" decoding=\"async\" width=\"638\" height=\"83\" src=\"https:\/\/www.interactiv-technologies.com\/app\/uploads\/2024\/07\/Logo_EASYCATALOG_COULEUR_FRANCE.png\" alt=\"Logo d'EasyCatalog un plugin d'InDesign commercialis\u00e9 par Interactiv' Technologies, 1er revendeur fran\u00e7ais du plugin d'automatisation de cr\u00e9ation de documents produits\" class=\"wp-image-7321\" srcset=\"https:\/\/www.interactiv-technologies.com\/app\/uploads\/2024\/07\/Logo_EASYCATALOG_COULEUR_FRANCE.png 638w, https:\/\/www.interactiv-technologies.com\/app\/uploads\/2024\/07\/Logo_EASYCATALOG_COULEUR_FRANCE-300x39.png 300w\" sizes=\"auto, (max-width: 638px) 100vw, 638px\" \/><\/figure>\n<\/div>\n<\/div>\n\n\n\n<div class=\"wp-block-columns are-vertically-aligned-center is-layout-flex wp-container-core-columns-is-layout-28f84493 wp-block-columns-is-layout-flex\">\n<div class=\"wp-block-column is-vertically-aligned-center is-layout-flow wp-block-column-is-layout-flow\" style=\"flex-basis:33.33%\">\n<figure class=\"wp-block-image size-full\"><img loading=\"lazy\" decoding=\"async\" width=\"623\" height=\"247\" src=\"https:\/\/www.interactiv-technologies.com\/app\/uploads\/2025\/04\/Image1.jpg\" alt=\"Visuel d'exemple d'un gabarit pour illustrer une mise en page dans InDesign avec la solution Interactiv' Publisher, propos\u00e9e par la soci\u00e9t\u00e9 fran\u00e7aise Interactiv' Technologies\" class=\"wp-image-11404\" srcset=\"https:\/\/www.interactiv-technologies.com\/app\/uploads\/2025\/04\/Image1.jpg 623w, https:\/\/www.interactiv-technologies.com\/app\/uploads\/2025\/04\/Image1-300x119.jpg 300w\" sizes=\"auto, (max-width: 623px) 100vw, 623px\" \/><\/figure>\n<\/div>\n\n\n\n<div class=\"wp-block-column is-vertically-aligned-center is-layout-flow wp-block-column-is-layout-flow\" style=\"flex-basis:66.66%\">\n<h3 class=\"wp-block-heading\">Comment fonctionne cette extension d&rsquo;InDesign ?<\/h3>\n\n\n\n<p>Depuis InDesign et plus pr\u00e9cis\u00e9ment dans les gabarits cr\u00e9\u00e9s, des zones dynamiques appel\u00e9es \u00ab\u00a0tags\u00a0\u00bb, sont int\u00e9gr\u00e9es. Chaque zone est ainsi reli\u00e9e \u00e0 la donn\u00e9e souhait\u00e9e, par exemple \u00ab\u00a0Nom du produit\u00a0\u00bb, \u00ab\u00a0Description\u00a0\u00bb, \u00ab\u00a0Prix\u00a0\u00bb pour ensuite retranscrire la valeur associ\u00e9e.<\/p>\n\n\n\n<p><strong>Gr\u00e2ce \u00e0 cette liaison, EasyCatalog permet de g\u00e9n\u00e9rer automatiquement et de mettre \u00e0 jour plusieurs centaines de pages produits avec les donn\u00e9es associ\u00e9es<\/strong>, tout \u00e7a dans une mise en page pr\u00e9alablement r\u00e9alis\u00e9e dans InDesign, et en quelques secondes.<\/p>\n\n\n\n<p>\ud83d\udca1 Rejoignez <a href=\"https:\/\/www.linkedin.com\/groups\/8237410\/\">notre communaut\u00e9<\/a> pour d\u00e9couvrir et partager des aides et astuces sur l&rsquo;outil !<\/p>\n\n\n\n<div class=\"wp-block-buttons is-layout-flex wp-block-buttons-is-layout-flex\">\n<div class=\"wp-block-button\"><a class=\"wp-block-button__link wp-element-button\" href=\"https:\/\/www.youtube.com\/watch?v=JG2gaLUAtOs\">Voir une d\u00e9monstration vid\u00e9o<\/a><\/div>\n\n\n\n<div class=\"wp-block-button is-style-outline is-style-outline--1\"><a class=\"wp-block-button__link wp-element-button\" href=\"https:\/\/www.interactiv-technologies.com\/fr\/telecharger-easycatalog\/\">T\u00e9l\u00e9chargez EasyCatalog<\/a><\/div>\n<\/div>\n<\/div>\n<\/div>\n<\/div>\n\n\n\n<div class=\"wp-block-group has-global-padding is-layout-constrained wp-block-group-is-layout-constrained\" style=\"padding-top:var(--wp--preset--spacing--60);padding-bottom:var(--wp--preset--spacing--60)\">\n<div class=\"wp-block-columns are-vertically-aligned-center is-layout-flex wp-container-core-columns-is-layout-28f84493 wp-block-columns-is-layout-flex\">\n<div class=\"wp-block-column is-vertically-aligned-center is-layout-flow wp-block-column-is-layout-flow\" style=\"flex-basis:66.66%\">\n<h2 class=\"wp-block-heading\">EasyCatalog c&rsquo;est bien, mais reli\u00e9 \u00e0 un logiciel base de donn\u00e9es produits PIM c&rsquo;est mieux !<\/h2>\n\n\n\n<h3 class=\"wp-block-heading\">Rappel sur la plateforme PIM (Product Information Management)<\/h3>\n\n\n\n<p><strong>Le logiciel PIM permet de centraliser, g\u00e9rer et diffuser des informations produits<\/strong> (nom, r\u00e9f\u00e9rence, prix, image, description&#8230;) sur diff\u00e9rents canaux de diffusion : site web, marketplace, applications, etc.<\/p>\n\n\n\n<p><strong>\ud83d\udca1 Chez Interactiv&rsquo; Technologies, nous sommes \u00e9diteur et int\u00e9grateur de la solution PIM\/DAM <a href=\"https:\/\/www.interactiv-technologies.com\/fr\/base-de-donnees-produits-pim\/\">Interactiv&rsquo; DataBase<\/a>.<\/strong><\/p>\n\n\n\n<div class=\"wp-block-buttons is-layout-flex wp-block-buttons-is-layout-flex\">\n<div class=\"wp-block-button\"><a class=\"wp-block-button__link wp-element-button\" href=\"https:\/\/www.interactiv-technologies.com\/fr\/base-de-donnees-produits-pim\/quest-quun-pim-definition\/\">En savoir plus sur l&rsquo;outil PIM<\/a><\/div>\n<\/div>\n<\/div>\n\n\n\n<div class=\"wp-block-column is-vertically-aligned-center is-layout-flow wp-block-column-is-layout-flow\" style=\"flex-basis:33.33%\">\n<figure class=\"wp-block-image aligncenter size-full is-resized\"><img loading=\"lazy\" decoding=\"async\" width=\"762\" height=\"473\" src=\"https:\/\/www.interactiv-technologies.com\/app\/uploads\/2025\/02\/Logo_DATABASE_COULEUR_CARRE_BASELINE.jpg\" alt=\"Logo de la solution Database, une base de donn\u00e9es produits PIM \u00e9dit\u00e9e et int\u00e9gr\u00e9e par la soci\u00e9t\u00e9 fran\u00e7aise Interactiv' Technologies\" class=\"wp-image-9474\" style=\"width:313px;height:auto\" srcset=\"https:\/\/www.interactiv-technologies.com\/app\/uploads\/2025\/02\/Logo_DATABASE_COULEUR_CARRE_BASELINE.jpg 762w, https:\/\/www.interactiv-technologies.com\/app\/uploads\/2025\/02\/Logo_DATABASE_COULEUR_CARRE_BASELINE-300x186.jpg 300w\" sizes=\"auto, (max-width: 762px) 100vw, 762px\" \/><\/figure>\n<\/div>\n<\/div>\n<\/div>\n\n\n\n<div class=\"wp-block-group has-global-padding is-layout-constrained wp-block-group-is-layout-constrained\" style=\"padding-top:var(--wp--preset--spacing--60);padding-bottom:var(--wp--preset--spacing--60)\">\n<div class=\"wp-block-columns are-vertically-aligned-center is-layout-flex wp-container-core-columns-is-layout-28f84493 wp-block-columns-is-layout-flex\">\n<div class=\"wp-block-column is-vertically-aligned-center is-layout-flow wp-block-column-is-layout-flow\" style=\"flex-basis:33.33%\">\n<figure class=\"wp-block-image size-full\"><img loading=\"lazy\" decoding=\"async\" width=\"1250\" height=\"1250\" src=\"https:\/\/www.interactiv-technologies.com\/app\/uploads\/2025\/04\/Visuels__-11-1.png\" alt=\"Visuel repr\u00e9sentant l'automatisation de la cr\u00e9ation de catalogues avec EasyCatalog, le plugin d'InDesign propos\u00e9 par Interactiv' Technologies, expert fran\u00e7ais\" class=\"wp-image-11408\" srcset=\"https:\/\/www.interactiv-technologies.com\/app\/uploads\/2025\/04\/Visuels__-11-1.png 1250w, https:\/\/www.interactiv-technologies.com\/app\/uploads\/2025\/04\/Visuels__-11-1-300x300.png 300w, https:\/\/www.interactiv-technologies.com\/app\/uploads\/2025\/04\/Visuels__-11-1-1024x1024.png 1024w, https:\/\/www.interactiv-technologies.com\/app\/uploads\/2025\/04\/Visuels__-11-1-150x150.png 150w, https:\/\/www.interactiv-technologies.com\/app\/uploads\/2025\/04\/Visuels__-11-1-768x768.png 768w\" sizes=\"auto, (max-width: 1250px) 100vw, 1250px\" \/><\/figure>\n<\/div>\n\n\n\n<div class=\"wp-block-column is-vertically-aligned-center is-layout-flow wp-block-column-is-layout-flow\" style=\"flex-basis:66.66%\">\n<h3 class=\"wp-block-heading\">Le PIM et l&rsquo;extension EasyCatalog : un duo gagnant !<\/h3>\n\n\n\n<p><strong>Etre dot\u00e9 d&rsquo;un PIM et d&rsquo;EasyCatalog est un v\u00e9ritable gain de temps dans la cr\u00e9ation et mise \u00e0 jour de vos documents<\/strong> : <\/p>\n\n\n\n<ul class=\"wp-block-list\">\n<li>plus besoin de chercher la bonne description produit, le derni\u00e8re prix attribu\u00e9&#8230;  : tout est au m\u00eame endroit,<\/li>\n\n\n\n<li>fini les saisies manuelles dans vos supports&#8230; : synchronisez en quelques clics votre assemblage dans InDesign directement reli\u00e9 \u00e0 votre source de donn\u00e9es PIM !<\/li>\n<\/ul>\n\n\n\n<p>Ce qui vous prenait plusieurs heures voire plusieurs jours \u00e0 faire sera de l&rsquo;histoire ancienne car en automatisant le tout, <strong>vos supports seront r\u00e9alis\u00e9s\/mis \u00e0 jour en un rien de temps !<\/strong><\/p>\n<\/div>\n<\/div>\n<\/div>\n\n\n\n<section class=\"wp-block-group alignfull has-gris-clair-background-color has-background has-global-padding is-layout-constrained wp-container-core-group-is-layout-5e1fba9a wp-block-group-is-layout-constrained\" style=\"min-height:0px;margin-top:0;margin-bottom:0;padding-top:3rem;padding-right:0;padding-bottom:3rem;padding-left:0\">\n<h2 class=\"wp-block-heading has-text-align-center\" style=\"padding-top:0;padding-bottom:var(--wp--preset--spacing--60);text-transform:none\">Les avantages d&rsquo;une connexion entre un PIM et Adobe InDesign via EasyCatalog<\/h2>\n\n\n\n<div class=\"wp-block-columns is-layout-flex wp-container-core-columns-is-layout-e477a36d wp-block-columns-is-layout-flex\" style=\"padding-bottom:var(--wp--preset--spacing--60)\">\n<div class=\"wp-block-column is-layout-flow wp-block-column-is-layout-flow\">\n<aside class=\"wp-block-group it-pattern-card has-blanc-background-color has-background is-vertical is-content-justification-center is-layout-flex wp-container-core-group-is-layout-ce155fab wp-block-group-is-layout-flex\" style=\"min-height:100%\">\n<svg aria-hidden=\"true\" focusable=\"false\" data-prefix=\"fas\" data-icon=\"clock\" class=\"svg-inline--fa fa-clock fa-3x wp-block-interactiv-technologies-it-fa-icon\" role=\"img\" xmlns=\"http:\/\/www.w3.org\/2000\/svg\" viewBox=\"0 0 512 512\" style=\"width:1em\"><path fill=\"currentColor\" d=\"M256 0a256 256 0 1 1 0 512A256 256 0 1 1 256 0zM232 120l0 136c0 8 4 15.5 10.7 20l96 64c11 7.4 25.9 4.4 33.3-6.7s4.4-25.9-6.7-33.3L280 243.2 280 120c0-13.3-10.7-24-24-24s-24 10.7-24 24z\"><\/path><\/svg>\n\n\n\n<h3 class=\"wp-block-heading has-text-align-center\">Un v\u00e9ritable gain de temps<\/h3>\n\n\n\n<p class=\"has-text-align-center\">Plus besoin d&rsquo;\u00e9changer avec divers interlocuteurs, les donn\u00e9es sont centralis\u00e9es au m\u00eame endroit : mettez \u00e0 jour simplement des donn\u00e9es fiables et compl\u00e8tes.<\/p>\n<\/aside>\n<\/div>\n\n\n\n<div class=\"wp-block-column is-layout-flow wp-block-column-is-layout-flow\">\n<aside class=\"wp-block-group it-pattern-card has-blanc-background-color has-background is-vertical is-content-justification-center is-layout-flex wp-container-core-group-is-layout-ce155fab wp-block-group-is-layout-flex\" style=\"min-height:100%\">\n<svg aria-hidden=\"true\" focusable=\"false\" data-prefix=\"fas\" data-icon=\"star\" class=\"svg-inline--fa fa-star fa-3x wp-block-interactiv-technologies-it-fa-icon\" role=\"img\" xmlns=\"http:\/\/www.w3.org\/2000\/svg\" viewBox=\"0 0 576 512\" style=\"width:1em\"><path fill=\"currentColor\" d=\"M316.9 18C311.6 7 300.4 0 288.1 0s-23.4 7-28.8 18L195 150.3 51.4 171.5c-12 1.8-22 10.2-25.7 21.7s-.7 24.2 7.9 32.7L137.8 329 113.2 474.7c-2 12 3 24.2 12.9 31.3s23 8 33.8 2.3l128.3-68.5 128.3 68.5c10.8 5.7 23.9 4.9 33.8-2.3s14.9-19.3 12.9-31.3L438.5 329 542.7 225.9c8.6-8.5 11.7-21.2 7.9-32.7s-13.7-19.9-25.7-21.7L381.2 150.3 316.9 18z\"><\/path><\/svg>\n\n\n\n<h3 class=\"wp-block-heading has-text-align-center\">Une r\u00e9duction des erreurs<\/h3>\n\n\n\n<p class=\"has-text-align-center\">Fini la saisie manuelle, et le copier\/coller sources d&rsquo;erreurs : les donn\u00e9es issues de votre PIM sont automatiquement retranscrites dans votre fichier InDesign.<\/p>\n<\/aside>\n<\/div>\n\n\n\n<div class=\"wp-block-column is-layout-flow wp-block-column-is-layout-flow\">\n<aside class=\"wp-block-group it-pattern-card has-blanc-background-color has-background is-vertical is-content-justification-center is-layout-flex wp-container-core-group-is-layout-b6c1f246 wp-block-group-is-layout-flex\" style=\"min-height:100%\">\n<figure class=\"wp-block-image size-full\"><img loading=\"lazy\" decoding=\"async\" width=\"762\" height=\"473\" src=\"https:\/\/www.interactiv-technologies.com\/app\/uploads\/2025\/02\/Logo_DATABASE_COULEUR_CARRE_BASELINE.jpg\" alt=\"Logo de la base de donn\u00e9es produits PIM DAM Interactiv' DataBase, logiciel d'Interactiv' Technologies\" class=\"wp-image-9474\" srcset=\"https:\/\/www.interactiv-technologies.com\/app\/uploads\/2025\/02\/Logo_DATABASE_COULEUR_CARRE_BASELINE.jpg 762w, https:\/\/www.interactiv-technologies.com\/app\/uploads\/2025\/02\/Logo_DATABASE_COULEUR_CARRE_BASELINE-300x186.jpg 300w\" sizes=\"auto, (max-width: 762px) 100vw, 762px\" \/><\/figure>\n<\/aside>\n<\/div>\n<\/div>\n\n\n\n<div class=\"wp-block-columns is-layout-flex wp-container-core-columns-is-layout-e477a36d wp-block-columns-is-layout-flex\" style=\"padding-bottom:var(--wp--preset--spacing--60)\">\n<div class=\"wp-block-column is-layout-flow wp-block-column-is-layout-flow\">\n<aside class=\"wp-block-group it-pattern-card has-blanc-background-color has-background is-vertical is-content-justification-center is-layout-flex wp-container-core-group-is-layout-b6c1f246 wp-block-group-is-layout-flex\" style=\"min-height:100%\">\n<figure class=\"wp-block-image size-full is-resized\"><a href=\"https:\/\/www.interactiv-technologies.com\/fr\/telecharger-easycatalog\/\"><img loading=\"lazy\" decoding=\"async\" width=\"638\" height=\"83\" src=\"https:\/\/www.interactiv-technologies.com\/app\/uploads\/2024\/07\/Logo_EASYCATALOG_COULEUR_FRANCE.png\" alt=\"Logo d'EasyCatalog, le plugin d'InDesign\" class=\"wp-image-7321\" style=\"width:331px;height:auto\" srcset=\"https:\/\/www.interactiv-technologies.com\/app\/uploads\/2024\/07\/Logo_EASYCATALOG_COULEUR_FRANCE.png 638w, https:\/\/www.interactiv-technologies.com\/app\/uploads\/2024\/07\/Logo_EASYCATALOG_COULEUR_FRANCE-300x39.png 300w\" sizes=\"auto, (max-width: 638px) 100vw, 638px\" \/><\/a><\/figure>\n\n\n\n<figure class=\"wp-block-image size-large is-resized\"><img loading=\"lazy\" decoding=\"async\" width=\"1024\" height=\"998\" src=\"https:\/\/www.interactiv-technologies.com\/app\/uploads\/2024\/02\/Logo_InDesign_CC21_icon.svg_-1024x998.png\" alt=\"Logo d'Adobe InDesign\" class=\"wp-image-1751\" style=\"width:150px;height:auto\" srcset=\"https:\/\/www.interactiv-technologies.com\/app\/uploads\/2024\/02\/Logo_InDesign_CC21_icon.svg_-1024x998.png 1024w, https:\/\/www.interactiv-technologies.com\/app\/uploads\/2024\/02\/Logo_InDesign_CC21_icon.svg_-300x293.png 300w, https:\/\/www.interactiv-technologies.com\/app\/uploads\/2024\/02\/Logo_InDesign_CC21_icon.svg_-768x749.png 768w, https:\/\/www.interactiv-technologies.com\/app\/uploads\/2024\/02\/Logo_InDesign_CC21_icon.svg_.png 1200w\" sizes=\"auto, (max-width: 1024px) 100vw, 1024px\" \/><\/figure>\n<\/aside>\n<\/div>\n\n\n\n<div class=\"wp-block-column is-layout-flow wp-block-column-is-layout-flow\">\n<aside class=\"wp-block-group it-pattern-card has-blanc-background-color has-background is-vertical is-content-justification-center is-layout-flex wp-container-core-group-is-layout-ce155fab wp-block-group-is-layout-flex\" style=\"min-height:100%\">\n<svg aria-hidden=\"true\" focusable=\"false\" data-prefix=\"fas\" data-icon=\"forward-fast\" class=\"svg-inline--fa fa-forward-fast fa-3x wp-block-interactiv-technologies-it-fa-icon\" role=\"img\" xmlns=\"http:\/\/www.w3.org\/2000\/svg\" viewBox=\"0 0 512 512\" style=\"width:1em\"><path fill=\"currentColor\" d=\"M18.4 445c11.2 5.3 24.5 3.6 34.1-4.4L224 297.7 224 416c0 12.4 7.2 23.7 18.4 29s24.5 3.6 34.1-4.4L448 297.7 448 416c0 17.7 14.3 32 32 32s32-14.3 32-32l0-320c0-17.7-14.3-32-32-32s-32 14.3-32 32l0 118.3L276.5 71.4c-9.5-7.9-22.8-9.7-34.1-4.4S224 83.6 224 96l0 118.3L52.5 71.4c-9.5-7.9-22.8-9.7-34.1-4.4S0 83.6 0 96L0 416c0 12.4 7.2 23.7 18.4 29z\"><\/path><\/svg>\n\n\n\n<h3 class=\"wp-block-heading has-text-align-center\">Des mises \u00e0 jour simplifi\u00e9es<\/h3>\n\n\n\n<p class=\"has-text-align-center\">En quelques clics, proc\u00e9dez \u00e0 la mise \u00e0 jour de vos supports, m\u00eame pour une modification de derni\u00e8re minute !<\/p>\n<\/aside>\n<\/div>\n\n\n\n<div class=\"wp-block-column is-layout-flow wp-block-column-is-layout-flow\">\n<aside class=\"wp-block-group it-pattern-card has-blanc-background-color has-background is-vertical is-content-justification-center is-layout-flex wp-container-core-group-is-layout-ce155fab wp-block-group-is-layout-flex\" style=\"min-height:100%\">\n<svg aria-hidden=\"true\" focusable=\"false\" data-prefix=\"fas\" data-icon=\"paintbrush\" class=\"svg-inline--fa fa-paintbrush fa-3x wp-block-interactiv-technologies-it-fa-icon\" role=\"img\" xmlns=\"http:\/\/www.w3.org\/2000\/svg\" viewBox=\"0 0 576 512\" style=\"width:1em\"><path fill=\"currentColor\" d=\"M339.3 367.1c27.3-3.9 51.9-19.4 67.2-42.9L568.2 74.1c12.6-19.5 9.4-45.3-7.6-61.2S517.7-4.4 499.1 9.6L262.4 187.2c-24 18-38.2 46.1-38.4 76.1L339.3 367.1zm-19.6 25.4l-116-104.4C143.9 290.3 96 339.6 96 400c0 3.9 .2 7.8 .6 11.6C98.4 429.1 86.4 448 68.8 448L64 448c-17.7 0-32 14.3-32 32s14.3 32 32 32l144 0c61.9 0 112-50.1 112-112c0-2.5-.1-5-.2-7.5z\"><\/path><\/svg>\n\n\n\n<h3 class=\"wp-block-heading has-text-align-center\">Des documents \u00e0 l&rsquo;image de votre entreprise<\/h3>\n\n\n\n<p class=\"has-text-align-center\">Gardez le contr\u00f4le sur la mise en page de votre document tout en restant dans InDesign.<\/p>\n<\/aside>\n<\/div>\n<\/div>\n<\/section>\n\n\n\n<div class=\"wp-block-group has-global-padding is-layout-constrained wp-block-group-is-layout-constrained\">\n<div class=\"wp-block-columns are-vertically-aligned-center is-layout-flex wp-container-core-columns-is-layout-28f84493 wp-block-columns-is-layout-flex\">\n<div class=\"wp-block-column is-vertically-aligned-center is-layout-flow wp-block-column-is-layout-flow\" style=\"flex-basis:66.66%\">\n<h2 class=\"wp-block-heading is-style-rouge-accent\">Le PIM Interactiv&rsquo; DataBase est compatible avec EasyCatalog<\/h2>\n\n\n\n<p>En tant qu&rsquo;\u00e9diteur et int\u00e9grateur fran\u00e7ais de notre solution PIM\/DAM Interactiv&rsquo; DataBase, celle-ci est 100 % compatible EasyCatalog. Depuis votre base de donn\u00e9es produit, <strong>g\u00e9n\u00e9rez en quelques clics des exports de donn\u00e9es pr\u00eats \u00e0 \u00eatre int\u00e9gr\u00e9s dans vos documents InDesign.<\/strong><\/p>\n\n\n\n<p>Chez Interactiv&rsquo; Technologies, nous accompagnons \u00e9galement nos clients avec <a href=\"https:\/\/www.interactiv-technologies.com\/fr\/prestations-catalogue-easycatalog\/\"><strong>la cr\u00e9ation de gabarits personnalis\u00e9s et de documents complets dans InDesign<\/strong><\/a>. Nous proposons \u00e9galement <strong><a href=\"https:\/\/www.interactiv-technologies.com\/fr\/formation-easycatalog-adobe-indesign\/\">des formations EasyCatalog<\/a><\/strong> et nous mettons \u00e0 votre disposition <strong><a href=\"https:\/\/www.interactiv-technologies.com\/fr\/entreprise\/suivi-conseils-deploiement-support\/\">un support technique<\/a><\/strong> pour garantir la r\u00e9ussite de votre projet de catalogue automatis\u00e9.<\/p>\n\n\n\n<p><strong>Vous souhaitez en savoir plus ?<\/strong> Remplissez le formulaire pour d\u00e9couvrir en direct notre outil et sa liaison avec InDesign par l&rsquo;un de nos experts.<\/p>\n<\/div>\n\n\n\n<div class=\"wp-block-column is-vertically-aligned-center is-layout-flow wp-block-column-is-layout-flow\" style=\"flex-basis:33.33%\">\n<div class=\"wp-block-group has-global-padding is-layout-constrained wp-block-group-is-layout-constrained\">\n<form class=\"wp-block-interactiv-technologies-it-form needs-validation it-pattern-form-simple it-pattern-card\" novalidate action=\"\" method=\"post\" enctype=\"multipart\/form-data\"><div class=\"it-form-ribbon\">D\u00e9di\u00e9 aux professionnels<\/div>\n<p class=\"it-form-title\">Demandez une d\u00e9monstration<\/p>\n\n\n\n<div class=\"wp-block-group has-global-padding is-layout-constrained wp-container-core-group-is-layout-7bc66994 wp-block-group-is-layout-constrained\">\n<div class=\"wp-block-interactiv-technologies-it-field it-form-field it-form-field-status it-form-field--required it-form-field--is-floating form-floating is-style-floating\" data-field-name=\"status\" data-field-type=\"status\" data-field-label=\"Vous \u00eates\" data-field-required=\"true\"><select id=\"it_form_status\" class=\"it-form-field-control form-select\" name=\"status\" required><option value=\"\" disabled selected>S\u00e9lectionner un statut<\/option><option value=\"company\">Une soci\u00e9t\u00e9<\/option><option value=\"agency\">Une agence<\/option><option value=\"freelance\">Un(e) freelance<\/option><option value=\"association\">Une association<\/option><option value=\"individual\">Un particulier<\/option><\/select><label class=\"it-form-field-label\" for=\"it_form_status\">Vous \u00eates<\/label><div class=\"invalid-feedback\"><\/div><\/div>\n\n\n\n<div class=\"wp-block-interactiv-technologies-it-field it-form-field it-form-field-text it-form-field--is-floating form-floating is-style-floating\" data-field-name=\"society\" data-field-type=\"text\" data-field-label=\"Soci\u00e9t\u00e9\" data-field-required=\"false\"><input id=\"it_form_society\" class=\"it-form-field-control form-control\" type=\"text\" name=\"society\" placeholder=\"Soci\u00e9t\u00e9\"\/><label class=\"it-form-field-label\" for=\"it_form_society\">Soci\u00e9t\u00e9<\/label><div class=\"invalid-feedback\"><\/div><\/div>\n\n\n\n<div class=\"wp-block-interactiv-technologies-it-field it-form-field it-form-field-text it-form-field--required it-form-field--is-floating form-floating is-style-floating\" data-field-name=\"identity\" data-field-type=\"text\" data-field-label=\"Nom Pr\u00e9nom\" data-field-required=\"true\"><input id=\"it_form_identity\" class=\"it-form-field-control form-control\" type=\"text\" name=\"identity\" placeholder=\"Nom Pr\u00e9nom\" required\/><label class=\"it-form-field-label\" for=\"it_form_identity\">Nom Pr\u00e9nom<\/label><div class=\"invalid-feedback\"><\/div><\/div>\n\n\n\n<div class=\"wp-block-interactiv-technologies-it-field it-form-field it-form-field-email it-form-field--required it-form-field--is-floating form-floating is-style-floating\" data-field-name=\"mail\" data-field-type=\"email\" data-field-label=\"E-mail\" data-field-required=\"true\"><input id=\"it_form_mail\" class=\"it-form-field-control form-control\" type=\"email\" name=\"mail\" placeholder=\"\" required\/><label class=\"it-form-field-label\" for=\"it_form_mail\">E-mail<\/label><div class=\"invalid-feedback\"><\/div><\/div>\n\n\n\n<div class=\"wp-block-interactiv-technologies-it-field it-form-field it-form-field-text it-form-field--required it-form-field--is-floating form-floating is-style-floating\" data-field-name=\"phone\" data-field-type=\"text\" data-field-label=\"T\u00e9l\u00e9phone\" data-field-required=\"true\"><input id=\"it_form_phone\" class=\"it-form-field-control form-control\" type=\"text\" name=\"phone\" placeholder=\"T\u00e9l\u00e9phone\" required\/><label class=\"it-form-field-label\" for=\"it_form_phone\">T\u00e9l\u00e9phone<\/label><div class=\"invalid-feedback\"><\/div><\/div>\n\n\n\n<div class=\"wp-block-interactiv-technologies-it-field it-form-field it-form-field-consent it-form-field--consent form-check it-form-field--required\" data-field-name=\"consent\" data-field-type=\"consent\" data-field-label=\"\" data-field-required=\"true\" style=\"margin-top:var(--wp--preset--spacing--30)\"><input id=\"it_form_consent\" class=\"it-form-field-control form-check-input\" type=\"checkbox\" name=\"consent\" value=\"ok\" required\/><label class=\"it-form-field-inputs-label form-check-label\" for=\"it_form_consent\">En soumettant ce formulaire, j\u2019accepte que les informations saisies soient exploit\u00e9es dans le cadre de la demande de d\u00e9monstration et la relation commerciale qui peut en d\u00e9couler.<br \/>\r\nPour connaitre et exercer vos droits, veuillez consulter notre <a href=\"https:\/\/www.interactiv-technologies.com\/fr\/politique-de-confidentialite-relative-aux-donnees-personnelles\/\">politique de confidentialit\u00e9<\/a>.<\/label><div class=\"invalid-feedback\"><\/div><\/div>\n<\/div>\n<div class=\"wp-block-interactiv-technologies-it-field it-form-field it-form-field-email it-form-field--is-floating form-floating is-style-floating hasNoName\" data-field-name=\"mail_double_check\" data-field-type=\"email\" data-field-label=\"Enter email again\" data-field-required=\"false\"><input class=\"it-form-field-control form-control\" type=\"email\" name=\"mail_double_check\" id=\"it_form_mail_double_check\" placeholder=\"Enter email again\"\/><label class=\"it-form-field-label\" for=\"it_form_mail_double_check\">Enter email again<\/label><div class=\"invalid-feedback\"><\/div><\/div><input type=\"hidden\" name=\"name\" value=\"Demandez une d\u00e9monstration\"\/><input type=\"hidden\" name=\"product\" value=\"itdatabase\"\/><input type=\"hidden\" name=\"tpl\" value=\"31\"\/><input type=\"hidden\" name=\"landing\" value=\"950\"\/><button class=\"btn-form-submit it-form-submit-btn\" type=\"submit\">Je valide<\/button><input type=\"hidden\" id=\"_wpnonce\" name=\"_wpnonce\" value=\"e579eb271c\" \/><input type=\"hidden\" name=\"_wp_http_referer\" value=\"\/fr\/wp-json\/wp\/v2\/posts\/11149\" \/><\/form>\n<\/div>\n<\/div>\n<\/div>\n<\/div>\n","protected":false},"excerpt":{"rendered":"<p>Connectez votre PIM \u00e0 InDesign via EasyCatalog pour automatiser la cr\u00e9ation de vos catalogues Introduction Vous devez cr\u00e9er ou mettre \u00e0 jour votre catalogue depuis InDesign (suite \u00e0 des changements de prix, des ajouts et\/ou des retraits de produits) et vous perdez du temps \u00e0 trouver les bonnes informations produits et ensuite faire les diverses [&hellip;]<\/p>\n","protected":false},"author":2,"featured_media":0,"comment_status":"closed","ping_status":"closed","sticky":false,"template":"","format":"standard","meta":{"_seopress_robots_primary_cat":"none","_seopress_titles_title":"Connectez votre PIM \u00e0 InDesign via EasyCatalog pour automatiser la cr\u00e9ation de vos catalogues","_seopress_titles_desc":"Automatisez la cr\u00e9ation et les mises \u00e0 jour de vos catalogues avec EasyCatalog et votre PIM ! Connectez facilement vos donn\u00e9es produits \u00e0 InDesign et gagnez du temps sur la mise en page de vos documents","_seopress_robots_index":"","_it_page_product":"ITDataBase","_it_call_to_action":["{\"text\":\"Demandez une d\u00e9mo\",\"url\":\"https:\/\/www.interactiv-technologies.com\/fr\/base-de-donnees-produits-pim\/formulaire-demonstration-pim\/\"}","{\"text\":\"Testez gratuitement\",\"url\":\"https:\/\/www.interactiv-technologies.com\/fr\/base-de-donnees-produits-pim\/formulaire-essai-gratuit-pim\/\"}","{\"text\":\"Obtenez votre tarif\",\"url\":\"https:\/\/www.interactiv-technologies.com\/fr\/base-de-donnees-produits-pim\/prix-devis-pim\/\"}","{\"text\":\"\",\"url\":\"\"}"],"footnotes":""},"categories":[11],"tags":[],"class_list":["post-11149","post","type-post","status-publish","format-standard","hentry","category-base-de-donnees-produits"],"_links":{"self":[{"href":"https:\/\/www.interactiv-technologies.com\/fr\/wp-json\/wp\/v2\/posts\/11149","targetHints":{"allow":["GET"]}}],"collection":[{"href":"https:\/\/www.interactiv-technologies.com\/fr\/wp-json\/wp\/v2\/posts"}],"about":[{"href":"https:\/\/www.interactiv-technologies.com\/fr\/wp-json\/wp\/v2\/types\/post"}],"author":[{"embeddable":true,"href":"https:\/\/www.interactiv-technologies.com\/fr\/wp-json\/wp\/v2\/users\/2"}],"replies":[{"embeddable":true,"href":"https:\/\/www.interactiv-technologies.com\/fr\/wp-json\/wp\/v2\/comments?post=11149"}],"version-history":[{"count":105,"href":"https:\/\/www.interactiv-technologies.com\/fr\/wp-json\/wp\/v2\/posts\/11149\/revisions"}],"predecessor-version":[{"id":11818,"href":"https:\/\/www.interactiv-technologies.com\/fr\/wp-json\/wp\/v2\/posts\/11149\/revisions\/11818"}],"wp:attachment":[{"href":"https:\/\/www.interactiv-technologies.com\/fr\/wp-json\/wp\/v2\/media?parent=11149"}],"wp:term":[{"taxonomy":"category","embeddable":true,"href":"https:\/\/www.interactiv-technologies.com\/fr\/wp-json\/wp\/v2\/categories?post=11149"},{"taxonomy":"post_tag","embeddable":true,"href":"https:\/\/www.interactiv-technologies.com\/fr\/wp-json\/wp\/v2\/tags?post=11149"}],"curies":[{"name":"wp","href":"https:\/\/api.w.org\/{rel}","templated":true}]}}