{"id":10969,"date":"2025-04-14T12:27:04","date_gmt":"2025-04-14T10:27:04","guid":{"rendered":"https:\/\/www.interactiv-technologies.com\/?p=10969"},"modified":"2025-04-16T10:09:12","modified_gmt":"2025-04-16T08:09:12","slug":"sortie-officielle-detim-10-0-version-francaise","status":"publish","type":"post","link":"https:\/\/www.interactiv-technologies.com\/fr\/sortie-officielle-detim-10-0-version-francaise\/","title":{"rendered":"Sortie officielle d&rsquo;ETIM 10.0 version fran\u00e7aise"},"content":{"rendered":"\n<div class=\"wp-block-group alignfull has-rouge-accent-background-color has-background has-global-padding is-layout-constrained wp-block-group-is-layout-constrained\" style=\"padding-top:var(--wp--preset--spacing--40);padding-bottom:var(--wp--preset--spacing--60)\">\n<div class=\"wp-block-group alignwide has-blanc-color has-text-color has-link-color has-small-font-size wp-elements-bf8c93ea3ef9660c3f317439d4e72dba has-global-padding is-layout-constrained wp-block-group-is-layout-constrained\"><div class=\"alignwide wp-block-wpseopress-breadcrumbs\"><nav  aria-label=\"Fil d&#039;Ariane\"><ol class=\"breadcrumb\" itemscope itemtype=\"https:\/\/schema.org\/BreadcrumbList\"><li class=\"breadcrumb-item active\" aria-current=\"page\" itemprop=\"itemListElement\" itemscope itemtype=\"https:\/\/schema.org\/ListItem\"><span itemprop=\"name\">Accueil<\/span><meta itemprop=\"position\" content=\"1\"><\/li><\/ol><\/nav><\/div><\/div>\n\n\n\n<h1 class=\"wp-block-heading has-text-align-center has-blanc-color has-text-color has-link-color wp-elements-0aa4cc732c300eaea1835b89a3aa61e0\">Sortie officielle d&rsquo;ETIM 10.0 version fran\u00e7aise<\/h1>\n<\/div>\n\n\n\n<div class=\"wp-block-group has-global-padding is-layout-constrained wp-block-group-is-layout-constrained\" style=\"padding-top:var(--wp--preset--spacing--60);padding-bottom:var(--wp--preset--spacing--60)\">\n<h2 class=\"wp-block-heading\">Introduction<\/h2>\n\n\n\n<figure class=\"wp-block-image size-large is-resized\"><img loading=\"lazy\" decoding=\"async\" width=\"1024\" height=\"426\" src=\"https:\/\/www.interactiv-technologies.com\/app\/uploads\/2025\/04\/Templates-pour-bannieres-articles-site-web_Plan-de-travail-1-copie-11-1024x426.png\" alt=\"Article Sortie officielle d\u2019ETIM 10.0 version fran\u00e7aise par Interactiv' Technologies\" class=\"wp-image-11016\" style=\"width:535px\" srcset=\"https:\/\/www.interactiv-technologies.com\/app\/uploads\/2025\/04\/Templates-pour-bannieres-articles-site-web_Plan-de-travail-1-copie-11-1024x426.png 1024w, https:\/\/www.interactiv-technologies.com\/app\/uploads\/2025\/04\/Templates-pour-bannieres-articles-site-web_Plan-de-travail-1-copie-11-300x125.png 300w, https:\/\/www.interactiv-technologies.com\/app\/uploads\/2025\/04\/Templates-pour-bannieres-articles-site-web_Plan-de-travail-1-copie-11-768x319.png 768w, https:\/\/www.interactiv-technologies.com\/app\/uploads\/2025\/04\/Templates-pour-bannieres-articles-site-web_Plan-de-travail-1-copie-11-1536x638.png 1536w, https:\/\/www.interactiv-technologies.com\/app\/uploads\/2025\/04\/Templates-pour-bannieres-articles-site-web_Plan-de-travail-1-copie-11-2048x851.png 2048w\" sizes=\"auto, (max-width: 1024px) 100vw, 1024px\" \/><\/figure>\n\n\n\n<p><strong>La version fran\u00e7aise du mod\u00e8le ETIM 10.0 a \u00e9t\u00e9 officiellement publi\u00e9e ce lundi 7 avril 2025<\/strong>, faisant suite \u00e0 la publication de la version internationale sortie le 1er novembre 2024. Celle-ci est maintenant disponible dans les formats Excel et CSV, ainsi que via une API d\u00e9di\u00e9e.<\/p>\n\n\n\n<p>Cette \u00e9volution marque <strong>un tournant majeur<\/strong> dans la classification technique et l&rsquo;\u00e9change de donn\u00e9es des produits issus des secteurs du mat\u00e9riel \u00e9lectrique\/sanitaire\/chauffage\/climatisation\/ventilation (HVAC)\/outillage, mais aussi pour les m\u00e9tiers du b\u00e2timent, de la construction et de la d\u00e9coration.<\/p>\n\n\n\n<p><strong>\u2b50 <strong><mark style=\"background-color:rgba(0, 0, 0, 0)\" class=\"has-inline-color has-rouge-fonce-color\">Des donn\u00e9es coh\u00e9rentes et fiables<\/mark><\/strong><mark style=\"background-color:rgba(0, 0, 0, 0)\" class=\"has-inline-color has-rouge-fonce-color\"> <\/mark><mark style=\"background-color:rgba(0, 0, 0, 0)\" class=\"has-inline-color has-rouge-fonce-color\"> \u00b7 \u23f1\ufe0f Un gain de temps dans l&rsquo;\u00e9change de donn\u00e9es  \u00b7 \u27a1\ufe0f Une diffusion facilit\u00e9e sur vos supports <\/mark><\/strong><\/p>\n<\/div>\n\n\n\n<hr class=\"wp-block-separator has-alpha-channel-opacity\"\/>\n\n\n\n<div class=\"wp-block-group has-global-padding is-layout-constrained wp-block-group-is-layout-constrained\" style=\"padding-top:var(--wp--preset--spacing--60);padding-bottom:var(--wp--preset--spacing--60)\">\n<div class=\"wp-block-columns are-vertically-aligned-center is-layout-flex wp-container-core-columns-is-layout-28f84493 wp-block-columns-is-layout-flex\">\n<div class=\"wp-block-column is-vertically-aligned-center is-layout-flow wp-block-column-is-layout-flow\" style=\"flex-basis:66.66%\">\n<h2 class=\"wp-block-heading\">Le mod\u00e8le ETIM : rappel<\/h2>\n\n\n\n<p>Le mod\u00e8le <a href=\"https:\/\/www.etim-france.fr\/\">ETIM<\/a> (ElectroTechnical Information Model), est une norme <strong>internationale<\/strong> qui permet de structurer, classer et d&rsquo;\u00e9changer <strong>des donn\u00e9es produits techniques<\/strong>, de mani\u00e8re simplifi\u00e9e et multilingue. Son objectif est de faciliter la transmission de ces informations produits entre tous les acteurs concern\u00e9s : fabricants, distributeurs, plateformes e-commerce et utilisateurs finaux.<\/p>\n\n\n\n<p>\ud83d\udca1Le format <a href=\"https:\/\/www.interactiv-technologies.com\/fr\/nous-sommes-partenaire-fab-dis-inside-une-collaboration-pour-simplifier-vos-echanges-de-donnees-produits\/\">FAB-DIS<\/a> qui repose en partie sur la structure du mod\u00e8le ETIM, est \u00e9galement dot\u00e9 des classifications ETIM (classes, caract\u00e9ristiques, valeurs) en plus des donn\u00e9es tarifaires, logistiques, marketing et m\u00e9dia. Cette compl\u00e9mentarit\u00e9 permet au format FAB-DIS de garantir une meilleure qualit\u00e9 des donn\u00e9es et ainsi acc\u00e9l\u00e9rer leur diffusion multicanale.<\/p>\n\n\n\n<div class=\"wp-block-buttons is-layout-flex wp-block-buttons-is-layout-flex\">\n<div class=\"wp-block-button\"><a class=\"wp-block-button__link wp-element-button\" href=\"https:\/\/www.interactiv-technologies.com\/fr\/base-de-donnees-produits-pim\/pim-formats-fab-dis-etim\/\">En savoir plus sur ces formats<\/a><\/div>\n<\/div>\n<\/div>\n\n\n\n<div class=\"wp-block-column is-vertically-aligned-center is-layout-flow wp-block-column-is-layout-flow\" style=\"flex-basis:33.33%\">\n<figure class=\"wp-block-image size-full\"><img loading=\"lazy\" decoding=\"async\" width=\"1250\" height=\"1250\" src=\"https:\/\/www.interactiv-technologies.com\/app\/uploads\/2025\/04\/Visuels__-05-05.png\" alt=\"Pr\u00e9sentation du mod\u00e8le ETIM\" class=\"wp-image-11052\" srcset=\"https:\/\/www.interactiv-technologies.com\/app\/uploads\/2025\/04\/Visuels__-05-05.png 1250w, https:\/\/www.interactiv-technologies.com\/app\/uploads\/2025\/04\/Visuels__-05-05-300x300.png 300w, https:\/\/www.interactiv-technologies.com\/app\/uploads\/2025\/04\/Visuels__-05-05-1024x1024.png 1024w, https:\/\/www.interactiv-technologies.com\/app\/uploads\/2025\/04\/Visuels__-05-05-150x150.png 150w, https:\/\/www.interactiv-technologies.com\/app\/uploads\/2025\/04\/Visuels__-05-05-768x768.png 768w\" sizes=\"auto, (max-width: 1250px) 100vw, 1250px\" \/><\/figure>\n<\/div>\n<\/div>\n<\/div>\n\n\n\n<div class=\"wp-block-group has-global-padding is-layout-constrained wp-block-group-is-layout-constrained\" style=\"padding-top:var(--wp--preset--spacing--60);padding-bottom:var(--wp--preset--spacing--60)\">\n<div class=\"wp-block-columns are-vertically-aligned-center is-layout-flex wp-container-core-columns-is-layout-28f84493 wp-block-columns-is-layout-flex\">\n<div class=\"wp-block-column is-vertically-aligned-center is-layout-flow wp-block-column-is-layout-flow\" style=\"flex-basis:33.33%\">\n<figure class=\"wp-block-image size-full\"><img loading=\"lazy\" decoding=\"async\" width=\"1250\" height=\"1250\" src=\"https:\/\/www.interactiv-technologies.com\/app\/uploads\/2025\/04\/Visuels__-09-1.png\" alt=\"Interactiv' DataBase, solution PIM d\u00e9velopp\u00e9e par Interactiv' Technologies, \u00e9diteur et int\u00e9grateur fran\u00e7ais\" class=\"wp-image-11021\" srcset=\"https:\/\/www.interactiv-technologies.com\/app\/uploads\/2025\/04\/Visuels__-09-1.png 1250w, https:\/\/www.interactiv-technologies.com\/app\/uploads\/2025\/04\/Visuels__-09-1-300x300.png 300w, https:\/\/www.interactiv-technologies.com\/app\/uploads\/2025\/04\/Visuels__-09-1-1024x1024.png 1024w, https:\/\/www.interactiv-technologies.com\/app\/uploads\/2025\/04\/Visuels__-09-1-150x150.png 150w, https:\/\/www.interactiv-technologies.com\/app\/uploads\/2025\/04\/Visuels__-09-1-768x768.png 768w\" sizes=\"auto, (max-width: 1250px) 100vw, 1250px\" \/><\/figure>\n<\/div>\n\n\n\n<div class=\"wp-block-column is-vertically-aligned-center is-layout-flow wp-block-column-is-layout-flow\" style=\"flex-basis:66.66%\">\n<h2 class=\"wp-block-heading\">Interactiv&rsquo; DataBase est compatible ETIM dans les versions 8.0, 9.0 et 10.0<\/h2>\n\n\n\n<p><strong>En tant qu&rsquo;adh\u00e9rent officiel d&rsquo;ETIM France<\/strong>, les utilisateurs de <a href=\"https:\/\/www.interactiv-technologies.com\/fr\/base-de-donnees-produits-pim\/\">notre solution PIM\/DAM Interactiv&rsquo; DataBase<\/a> peuvent d\u00e8s \u00e0 pr\u00e9sent g\u00e9rer et diffuser leurs donn\u00e9es produits au format ETIM dans les versions 8.0, 9.0 et 10.0, pour garantir une conformit\u00e9, une fiabilit\u00e9 ainsi qu&rsquo;une efficacit\u00e9 dans l&rsquo;\u00e9change de donn\u00e9es.<\/p>\n\n\n\n<p>\u00c0 l&rsquo;\u00e9coute de nos clients et soucieux de leurs besoins, nous leur permettons de g\u00e9rer et de diffuser leurs donn\u00e9es produits depuis notre PIM dans d&rsquo;autres formats norm\u00e9s (<a href=\"https:\/\/www.interactiv-technologies.com\/fr\/nous-sommes-partenaire-fab-dis-inside-une-collaboration-pour-simplifier-vos-echanges-de-donnees-produits\/\">FAB-DIS<\/a>, <a href=\"https:\/\/www.interactiv-technologies.com\/fr\/base-de-donnees-produits-pim\/fonctionnalites-pim-dam-interactiv-database\/#import-et-export-des-donn%C3%A9es\">BMEcat<\/a>&#8230;), pour leur permettre <strong>d&rsquo;am\u00e9liorer leur visibilit\u00e9 sur les places de march\u00e9, de faciliter l&rsquo;\u00e9change de donn\u00e9es aupr\u00e8s de partenaires, et enfin, pour assurer une coh\u00e9rence et une qualit\u00e9 dans leur catalogue produits.<\/strong><\/p>\n\n\n\n<div class=\"wp-block-buttons is-layout-flex wp-block-buttons-is-layout-flex\">\n<div class=\"wp-block-button\"><a class=\"wp-block-button__link wp-element-button\" href=\"https:\/\/www.interactiv-technologies.com\/fr\/base-de-donnees-produits-pim\/\">En savoir plus<\/a><\/div>\n<\/div>\n<\/div>\n<\/div>\n<\/div>\n\n\n\n<div class=\"wp-block-group has-global-padding is-layout-constrained wp-block-group-is-layout-constrained\" style=\"padding-top:var(--wp--preset--spacing--60);padding-bottom:var(--wp--preset--spacing--60)\">\n<div class=\"wp-block-columns are-vertically-aligned-center is-layout-flex wp-container-core-columns-is-layout-28f84493 wp-block-columns-is-layout-flex\">\n<div class=\"wp-block-column is-vertically-aligned-center is-layout-flow wp-block-column-is-layout-flow\" style=\"flex-basis:66.66%\">\n<h2 class=\"wp-block-heading\">Interactiv&rsquo; Technologies : \u00e9diteur et int\u00e9grateur fran\u00e7ais de sa solution PIM\/DAM<\/h2>\n\n\n\n<p><strong>Notre engagement aupr\u00e8s d&rsquo;ETIM France<\/strong> nous permet d&rsquo;accompagner au mieux nos clients dans la structuration, l&rsquo;enrichissement et la diffusion de leurs informations produits.<\/p>\n\n\n\n<p>Lors d&rsquo;ateliers, notre \u00e9quipe de consultants experts vous apportera toutes les explications et les formations n\u00e9cessaires sur la mise en place et la gestion du format ETIM au sein du PIM\/DAM Interactiv&rsquo; DataBase.<\/p>\n\n\n\n<p>Joignable par mail et par t\u00e9l\u00e9phone du lundi au vendredi de 9h \u00e0 18h et sans surco\u00fbt, notre \u00e9quipe vous accompagne tout au long du projet, de la conception \u00e0 l\u2019int\u00e9gration, jusqu\u2019\u00e0 l\u2019\u00e9volution continue de la solution, et ce,&nbsp;<strong>sans aucun interm\u00e9diaire<\/strong>.<\/p>\n\n\n\n<div class=\"wp-block-buttons is-layout-flex wp-block-buttons-is-layout-flex\">\n<div class=\"wp-block-button\"><a class=\"wp-block-button__link wp-element-button\" href=\"https:\/\/www.interactiv-technologies.com\/fr\/base-de-donnees-produits-pim\/editeur-ou-integrateur-lequel-choisir-pour-votre-projet-pim\/\">En savoir plus sur le r\u00f4le d&rsquo;\u00e9diteur\/int\u00e9grateur<\/a><\/div>\n\n\n\n<div class=\"wp-block-button is-style-outline is-style-outline--1\"><a class=\"wp-block-button__link wp-element-button\" href=\"https:\/\/www.interactiv-technologies.com\/fr\/entreprise\/suivi-conseils-deploiement-support\/\">D\u00e9couvrir l&rsquo;\u00e9quipe<\/a><\/div>\n<\/div>\n<\/div>\n\n\n\n<div class=\"wp-block-column is-vertically-aligned-center is-layout-flow wp-block-column-is-layout-flow\" style=\"flex-basis:33.33%\">\n<figure class=\"wp-block-image size-full\"><img loading=\"lazy\" decoding=\"async\" width=\"1250\" height=\"1250\" src=\"https:\/\/www.interactiv-technologies.com\/app\/uploads\/2025\/04\/Visuels__-10.png\" alt=\"Une \u00e9quipe de consultants experts du PIM\" class=\"wp-image-11048\" srcset=\"https:\/\/www.interactiv-technologies.com\/app\/uploads\/2025\/04\/Visuels__-10.png 1250w, https:\/\/www.interactiv-technologies.com\/app\/uploads\/2025\/04\/Visuels__-10-300x300.png 300w, https:\/\/www.interactiv-technologies.com\/app\/uploads\/2025\/04\/Visuels__-10-1024x1024.png 1024w, https:\/\/www.interactiv-technologies.com\/app\/uploads\/2025\/04\/Visuels__-10-150x150.png 150w, https:\/\/www.interactiv-technologies.com\/app\/uploads\/2025\/04\/Visuels__-10-768x768.png 768w\" sizes=\"auto, (max-width: 1250px) 100vw, 1250px\" \/><\/figure>\n<\/div>\n<\/div>\n<\/div>\n\n\n\n<section class=\"wp-block-group alignfull has-gris-clair-background-color has-background has-global-padding is-layout-constrained wp-container-core-group-is-layout-b1b7027f wp-block-group-is-layout-constrained\" style=\"min-height:0px;margin-top:0;margin-bottom:0;padding-top:3rem;padding-right:0;padding-bottom:1rem;padding-left:0\">\n<h2 class=\"wp-block-heading has-text-align-center\" style=\"padding-top:0;padding-bottom:var(--wp--preset--spacing--60);text-transform:none\">La version 10.0 : un mod\u00e8le enrichi, fiable et coh\u00e9rent<\/h2>\n\n\n\n<div class=\"wp-block-group has-global-padding is-layout-constrained wp-block-group-is-layout-constrained\" style=\"padding-bottom:var(--wp--preset--spacing--60)\">\n<p class=\"has-text-align-center\">Cette version fran\u00e7aise du mod\u00e8le int\u00e8gre les nouvelles classes, les caract\u00e9ristiques et les valeurs d&rsquo;ETIM International. Un travail approfondi a \u00e9t\u00e9 men\u00e9 pour r\u00e9duire les doublons de traduction, corriger les incoh\u00e9rences et int\u00e9grer les retours des utilisateurs.<\/p>\n\n\n\n<p class=\"has-text-align-center\">Suite au traitement de 5 264 demandes rassembl\u00e9es \u00e0 l&rsquo;\u00e9chelle internationale, voici ci-dessous<strong> les nouveaut\u00e9s de la version 10.0 d&rsquo;ETIM<\/strong> :<\/p>\n<\/div>\n\n\n\n<div class=\"wp-block-columns is-layout-flex wp-container-core-columns-is-layout-e477a36d wp-block-columns-is-layout-flex\" style=\"padding-bottom:var(--wp--preset--spacing--60)\">\n<div class=\"wp-block-column is-layout-flow wp-block-column-is-layout-flow\">\n<aside class=\"wp-block-group it-pattern-card has-blanc-background-color has-background is-vertical is-content-justification-center is-layout-flex wp-container-core-group-is-layout-ce155fab wp-block-group-is-layout-flex\" style=\"min-height:100%\">\n<svg aria-hidden=\"true\" focusable=\"false\" data-prefix=\"fas\" data-icon=\"boxes-stacked\" class=\"svg-inline--fa fa-boxes-stacked fa-3x wp-block-interactiv-technologies-it-fa-icon\" role=\"img\" xmlns=\"http:\/\/www.w3.org\/2000\/svg\" viewBox=\"0 0 576 512\" style=\"width:1em\"><path fill=\"currentColor\" d=\"M248 0L208 0c-26.5 0-48 21.5-48 48l0 112c0 35.3 28.7 64 64 64l128 0c35.3 0 64-28.7 64-64l0-112c0-26.5-21.5-48-48-48L328 0l0 80c0 8.8-7.2 16-16 16l-48 0c-8.8 0-16-7.2-16-16l0-80zM64 256c-35.3 0-64 28.7-64 64L0 448c0 35.3 28.7 64 64 64l160 0c35.3 0 64-28.7 64-64l0-128c0-35.3-28.7-64-64-64l-40 0 0 80c0 8.8-7.2 16-16 16l-48 0c-8.8 0-16-7.2-16-16l0-80-40 0zM352 512l160 0c35.3 0 64-28.7 64-64l0-128c0-35.3-28.7-64-64-64l-40 0 0 80c0 8.8-7.2 16-16 16l-48 0c-8.8 0-16-7.2-16-16l0-80-40 0c-15 0-28.8 5.1-39.7 13.8c4.9 10.4 7.7 22 7.7 34.2l0 160c0 12.2-2.8 23.8-7.7 34.2C323.2 506.9 337 512 352 512z\"><\/path><\/svg>\n\n\n\n<h3 class=\"wp-block-heading has-text-align-center\">119 nouvelles classes, dont 15 issues des suggestions d&rsquo;ETIM France<\/h3>\n<\/aside>\n<\/div>\n\n\n\n<div class=\"wp-block-column is-layout-flow wp-block-column-is-layout-flow\">\n<aside class=\"wp-block-group it-pattern-card has-blanc-background-color has-background is-vertical is-content-justification-center is-layout-flex wp-container-core-group-is-layout-ce155fab wp-block-group-is-layout-flex\" style=\"min-height:100%\">\n<svg aria-hidden=\"true\" focusable=\"false\" data-prefix=\"fas\" data-icon=\"layer-group\" class=\"svg-inline--fa fa-layer-group fa-3x wp-block-interactiv-technologies-it-fa-icon\" role=\"img\" xmlns=\"http:\/\/www.w3.org\/2000\/svg\" viewBox=\"0 0 576 512\" style=\"width:1em\"><path fill=\"currentColor\" d=\"M264.5 5.2c14.9-6.9 32.1-6.9 47 0l218.6 101c8.5 3.9 13.9 12.4 13.9 21.8s-5.4 17.9-13.9 21.8l-218.6 101c-14.9 6.9-32.1 6.9-47 0L45.9 149.8C37.4 145.8 32 137.3 32 128s5.4-17.9 13.9-21.8L264.5 5.2zM476.9 209.6l53.2 24.6c8.5 3.9 13.9 12.4 13.9 21.8s-5.4 17.9-13.9 21.8l-218.6 101c-14.9 6.9-32.1 6.9-47 0L45.9 277.8C37.4 273.8 32 265.3 32 256s5.4-17.9 13.9-21.8l53.2-24.6 152 70.2c23.4 10.8 50.4 10.8 73.8 0l152-70.2zm-152 198.2l152-70.2 53.2 24.6c8.5 3.9 13.9 12.4 13.9 21.8s-5.4 17.9-13.9 21.8l-218.6 101c-14.9 6.9-32.1 6.9-47 0L45.9 405.8C37.4 401.8 32 393.3 32 384s5.4-17.9 13.9-21.8l53.2-24.6 152 70.2c23.4 10.8 50.4 10.8 73.8 0z\"><\/path><\/svg>\n\n\n\n<h3 class=\"wp-block-heading has-text-align-center\">Introduction de groupes de caract\u00e9ristiques (dimensions, mat\u00e9riaux, \u00e9lectricit\u00e9&#8230;) pour une lecture simplifi\u00e9e<\/h3>\n<\/aside>\n<\/div>\n\n\n\n<div class=\"wp-block-column is-layout-flow wp-block-column-is-layout-flow\">\n<aside class=\"wp-block-group it-pattern-card has-blanc-background-color has-background is-vertical is-content-justification-center is-layout-flex wp-container-core-group-is-layout-ce155fab wp-block-group-is-layout-flex\" style=\"min-height:100%\">\n<svg aria-hidden=\"true\" focusable=\"false\" data-prefix=\"fas\" data-icon=\"puzzle-piece\" class=\"svg-inline--fa fa-puzzle-piece fa-3x wp-block-interactiv-technologies-it-fa-icon\" role=\"img\" xmlns=\"http:\/\/www.w3.org\/2000\/svg\" viewBox=\"0 0 512 512\" style=\"width:1em\"><path fill=\"currentColor\" d=\"M192 104.8c0-9.2-5.8-17.3-13.2-22.8C167.2 73.3 160 61.3 160 48c0-26.5 28.7-48 64-48s64 21.5 64 48c0 13.3-7.2 25.3-18.8 34c-7.4 5.5-13.2 13.6-13.2 22.8c0 12.8 10.4 23.2 23.2 23.2l56.8 0c26.5 0 48 21.5 48 48l0 56.8c0 12.8 10.4 23.2 23.2 23.2c9.2 0 17.3-5.8 22.8-13.2c8.7-11.6 20.7-18.8 34-18.8c26.5 0 48 28.7 48 64s-21.5 64-48 64c-13.3 0-25.3-7.2-34-18.8c-5.5-7.4-13.6-13.2-22.8-13.2c-12.8 0-23.2 10.4-23.2 23.2L384 464c0 26.5-21.5 48-48 48l-56.8 0c-12.8 0-23.2-10.4-23.2-23.2c0-9.2 5.8-17.3 13.2-22.8c11.6-8.7 18.8-20.7 18.8-34c0-26.5-28.7-48-64-48s-64 21.5-64 48c0 13.3 7.2 25.3 18.8 34c7.4 5.5 13.2 13.6 13.2 22.8c0 12.8-10.4 23.2-23.2 23.2L48 512c-26.5 0-48-21.5-48-48L0 343.2C0 330.4 10.4 320 23.2 320c9.2 0 17.3 5.8 22.8 13.2C54.7 344.8 66.7 352 80 352c26.5 0 48-28.7 48-64s-21.5-64-48-64c-13.3 0-25.3 7.2-34 18.8C40.5 250.2 32.4 256 23.2 256C10.4 256 0 245.6 0 232.8L0 176c0-26.5 21.5-48 48-48l120.8 0c12.8 0 23.2-10.4 23.2-23.2z\"><\/path><\/svg>\n\n\n\n<h3 class=\"wp-block-heading has-text-align-center\">Refonte des groupes de classes pour s&rsquo;adapter aux usages m\u00e9tiers actuels<\/h3>\n<\/aside>\n<\/div>\n<\/div>\n<\/section>\n\n\n\n<h2 class=\"wp-block-heading has-text-align-center\">Vous souhaitez en savoir plus ?<\/h2>\n\n\n\n<p class=\"has-text-align-center\">N\u2019h\u00e9sitez pas \u00e0 nous contacter par email \u00e0&nbsp;<a href=\"mailto:contact@interactiv.tech\">contact@interactiv.tech<\/a>, par t\u00e9l\u00e9phone au 0 970 248 990,<br>ou en remplissant le formulaire ci-dessous.<\/p>\n\n\n\n<div class=\"wp-block-group has-global-padding is-layout-constrained wp-block-group-is-layout-constrained\">\n<form class=\"wp-block-interactiv-technologies-it-form needs-validation it-pattern-form-simple it-pattern-form-simple--msg it-pattern-card\" novalidate action=\"\" method=\"post\" enctype=\"multipart\/form-data\"><div class=\"it-form-ribbon\">D\u00e9di\u00e9 aux professionnels<\/div>\n<p class=\"it-form-title\">Formulaire de contact<\/p>\n\n\n\n<div class=\"wp-block-group has-global-padding is-layout-constrained wp-container-core-group-is-layout-7bc66994 wp-block-group-is-layout-constrained\">\n<div class=\"wp-block-interactiv-technologies-it-field it-form-field it-form-field-status it-form-field--required it-form-field--is-floating form-floating is-style-floating\" data-field-name=\"status\" data-field-type=\"status\" data-field-label=\"Vous \u00eates\" data-field-required=\"true\"><select id=\"it_form_status\" class=\"it-form-field-control form-select\" name=\"status\" required><option value=\"\" disabled selected>S\u00e9lectionner un statut<\/option><option value=\"company\">Une soci\u00e9t\u00e9<\/option><option value=\"agency\">Une agence<\/option><option value=\"freelance\">Un(e) freelance<\/option><option value=\"association\">Une association<\/option><option value=\"individual\">Un particulier<\/option><\/select><label class=\"it-form-field-label\" for=\"it_form_status\">Vous \u00eates<\/label><div class=\"invalid-feedback\"><\/div><\/div>\n\n\n\n<div class=\"wp-block-interactiv-technologies-it-field it-form-field it-form-field-text it-form-field--is-floating form-floating is-style-floating\" data-field-name=\"society\" data-field-type=\"text\" data-field-label=\"Soci\u00e9t\u00e9\" data-field-required=\"false\"><input id=\"it_form_society\" class=\"it-form-field-control form-control\" type=\"text\" name=\"society\" placeholder=\"Soci\u00e9t\u00e9\"\/><label class=\"it-form-field-label\" for=\"it_form_society\">Soci\u00e9t\u00e9<\/label><div class=\"invalid-feedback\"><\/div><\/div>\n\n\n\n<div class=\"wp-block-interactiv-technologies-it-field it-form-field it-form-field-text it-form-field--required it-form-field--is-floating form-floating is-style-floating\" data-field-name=\"identity\" data-field-type=\"text\" data-field-label=\"Nom Pr\u00e9nom\" data-field-required=\"true\"><input id=\"it_form_identity\" class=\"it-form-field-control form-control\" type=\"text\" name=\"identity\" placeholder=\"Nom Pr\u00e9nom\" required\/><label class=\"it-form-field-label\" for=\"it_form_identity\">Nom Pr\u00e9nom<\/label><div class=\"invalid-feedback\"><\/div><\/div>\n\n\n\n<div class=\"wp-block-interactiv-technologies-it-field it-form-field it-form-field-email it-form-field--required it-form-field--is-floating form-floating is-style-floating\" data-field-name=\"mail\" data-field-type=\"email\" data-field-label=\"E-mail\" data-field-required=\"true\"><input id=\"it_form_mail\" class=\"it-form-field-control form-control\" type=\"email\" name=\"mail\" placeholder=\"\" required\/><label class=\"it-form-field-label\" for=\"it_form_mail\">E-mail<\/label><div class=\"invalid-feedback\"><\/div><\/div>\n\n\n\n<div class=\"wp-block-interactiv-technologies-it-field it-form-field it-form-field-text it-form-field--required it-form-field--is-floating form-floating is-style-floating\" data-field-name=\"phone\" data-field-type=\"text\" data-field-label=\"T\u00e9l\u00e9phone\" data-field-required=\"true\"><input id=\"it_form_phone\" class=\"it-form-field-control form-control\" type=\"text\" name=\"phone\" placeholder=\"T\u00e9l\u00e9phone\" required\/><label class=\"it-form-field-label\" for=\"it_form_phone\">T\u00e9l\u00e9phone<\/label><div class=\"invalid-feedback\"><\/div><\/div>\n\n\n\n<div class=\"wp-block-interactiv-technologies-it-field it-form-field it-form-field-textarea it-form-field--is-floating form-floating is-style-floating\" data-field-name=\"msg\" data-field-type=\"textarea\" data-field-label=\"Message (facultatif)\" data-field-required=\"false\"><textarea id=\"it_form_msg\" class=\"it-form-field-control form-control\" name=\"msg\" placeholder=\"Message\" style=\"height:4.2rem\"><\/textarea><label class=\"it-form-field-label\" for=\"it_form_msg\">Message (facultatif)<\/label><div class=\"invalid-feedback\"><\/div><\/div>\n\n\n\n<div class=\"wp-block-interactiv-technologies-it-field it-form-field it-form-field-consent it-form-field--consent form-check it-form-field--required\" data-field-name=\"consent\" data-field-type=\"consent\" data-field-label=\"\" data-field-required=\"true\" style=\"margin-top:var(--wp--preset--spacing--30)\"><input id=\"it_form_consent\" class=\"it-form-field-control form-check-input\" type=\"checkbox\" name=\"consent\" value=\"ok\" required\/><label class=\"it-form-field-inputs-label form-check-label\" for=\"it_form_consent\">En soumettant ce formulaire, j\u2019accepte que les informations saisies soient exploit\u00e9es dans le cadre de la demande de d\u00e9monstration et la relation commerciale qui peut en d\u00e9couler.<br \/>\r\nPour connaitre et exercer vos droits, veuillez consulter notre <a href=\"https:\/\/www.interactiv-technologies.com\/fr\/politique-de-confidentialite-relative-aux-donnees-personnelles\/\">politique de confidentialit\u00e9<\/a>.<\/label><div class=\"invalid-feedback\"><\/div><\/div>\n<\/div>\n<div class=\"wp-block-interactiv-technologies-it-field it-form-field it-form-field-email it-form-field--is-floating form-floating is-style-floating hasNoName\" data-field-name=\"mail_double_check\" data-field-type=\"email\" data-field-label=\"Enter email again\" data-field-required=\"false\"><input class=\"it-form-field-control form-control\" type=\"email\" name=\"mail_double_check\" id=\"it_form_mail_double_check\" placeholder=\"Enter email again\"\/><label class=\"it-form-field-label\" for=\"it_form_mail_double_check\">Enter email again<\/label><div class=\"invalid-feedback\"><\/div><\/div><input type=\"hidden\" name=\"name\" value=\"Formulaire de contact\"\/><input type=\"hidden\" name=\"product\" value=\"contact\"\/><input type=\"hidden\" name=\"tpl\" value=\"2710\"\/><input type=\"hidden\" name=\"landing\" value=\"950\"\/><button class=\"btn-form-submit it-form-submit-btn\" type=\"submit\">Je valide<\/button><input type=\"hidden\" id=\"_wpnonce\" name=\"_wpnonce\" value=\"af7bbb042b\" \/><input type=\"hidden\" name=\"_wp_http_referer\" value=\"\/fr\/wp-json\/wp\/v2\/posts\/10969\" \/><\/form>\n<\/div>\n","protected":false},"excerpt":{"rendered":"<p>Sortie officielle d&rsquo;ETIM 10.0 version fran\u00e7aise Introduction La version fran\u00e7aise du mod\u00e8le ETIM 10.0 a \u00e9t\u00e9 officiellement publi\u00e9e ce lundi 7 avril 2025, faisant suite \u00e0 la publication de la version internationale sortie le 1er novembre 2024. Celle-ci est maintenant disponible dans les formats Excel et CSV, ainsi que via une API d\u00e9di\u00e9e. Cette \u00e9volution [&hellip;]<\/p>\n","protected":false},"author":2,"featured_media":0,"comment_status":"closed","ping_status":"closed","sticky":false,"template":"","format":"standard","meta":{"_seopress_robots_primary_cat":"none","_seopress_titles_title":"%%post_title%% %%sep%% %%sitetitle%%","_seopress_titles_desc":"D\u00e9couvrez la sortie officielle de la version fran\u00e7aise d'ETIM 10.0 : nouveaut\u00e9s, formats disponibles, avantages pour les fabricants et distributeurs du b\u00e2timent, \u00e9lectrique, HVAC\u2026 Tout savoir sur ce mod\u00e8le et comment Interactiv' Technologies peut vous accompagner dans son traitement.","_seopress_robots_index":"","_it_page_product":"ITDataBase","_it_call_to_action":["{\"text\":\"Demandez une d\u00e9mo\",\"url\":\"https:\/\/www.interactiv-technologies.com\/fr\/base-de-donnees-produits-pim\/formulaire-demonstration-pim\/\"}","{\"text\":\"Testez gratuitement\",\"url\":\"https:\/\/www.interactiv-technologies.com\/fr\/base-de-donnees-produits-pim\/formulaire-essai-gratuit-pim\/\"}","{\"text\":\"Obtenez votre tarif\",\"url\":\"https:\/\/www.interactiv-technologies.com\/fr\/base-de-donnees-produits-pim\/prix-devis-pim\/\"}","{\"text\":\"\",\"url\":\"\"}"],"footnotes":""},"categories":[11],"tags":[],"class_list":["post-10969","post","type-post","status-publish","format-standard","hentry","category-base-de-donnees-produits"],"_links":{"self":[{"href":"https:\/\/www.interactiv-technologies.com\/fr\/wp-json\/wp\/v2\/posts\/10969","targetHints":{"allow":["GET"]}}],"collection":[{"href":"https:\/\/www.interactiv-technologies.com\/fr\/wp-json\/wp\/v2\/posts"}],"about":[{"href":"https:\/\/www.interactiv-technologies.com\/fr\/wp-json\/wp\/v2\/types\/post"}],"author":[{"embeddable":true,"href":"https:\/\/www.interactiv-technologies.com\/fr\/wp-json\/wp\/v2\/users\/2"}],"replies":[{"embeddable":true,"href":"https:\/\/www.interactiv-technologies.com\/fr\/wp-json\/wp\/v2\/comments?post=10969"}],"version-history":[{"count":65,"href":"https:\/\/www.interactiv-technologies.com\/fr\/wp-json\/wp\/v2\/posts\/10969\/revisions"}],"predecessor-version":[{"id":11148,"href":"https:\/\/www.interactiv-technologies.com\/fr\/wp-json\/wp\/v2\/posts\/10969\/revisions\/11148"}],"wp:attachment":[{"href":"https:\/\/www.interactiv-technologies.com\/fr\/wp-json\/wp\/v2\/media?parent=10969"}],"wp:term":[{"taxonomy":"category","embeddable":true,"href":"https:\/\/www.interactiv-technologies.com\/fr\/wp-json\/wp\/v2\/categories?post=10969"},{"taxonomy":"post_tag","embeddable":true,"href":"https:\/\/www.interactiv-technologies.com\/fr\/wp-json\/wp\/v2\/tags?post=10969"}],"curies":[{"name":"wp","href":"https:\/\/api.w.org\/{rel}","templated":true}]}}